{"id":17218,"date":"2024-09-10T16:21:12","date_gmt":"2024-09-10T19:21:12","guid":{"rendered":"https:\/\/blogs.correiobraziliense.com.br\/capital-sa\/?p=17218"},"modified":"2024-09-11T08:00:22","modified_gmt":"2024-09-11T11:00:22","slug":"gdf-vai-usar-inteligencia-artificial-nas-areas-de-saude-educacao-e-pesquisa","status":"publish","type":"post","link":"https:\/\/blogs.correiobraziliense.com.br\/capital-sa\/2024\/09\/10\/gdf-vai-usar-inteligencia-artificial-nas-areas-de-saude-educacao-e-pesquisa\/","title":{"rendered":"GDF vai usar Intelig\u00eancia Artificial nas \u00e1reas de Sa\u00fade, Educa\u00e7\u00e3o e Pesquisa"},"content":{"rendered":"<p class=\"p1\"><em>Por Samanta Sallum\u00a0<\/em><\/p>\n<p class=\"p1\"><span class=\"s1\">O Governo do Distrito Federal, por meio da Secretaria de Ci\u00eancia, Tecnologia e Inova\u00e7\u00e3o (Secti-DF), lan\u00e7ou edital de chamamento p\u00fablico para selecionar Organiza\u00e7\u00f5es da Sociedade Civil (OSCs) interessadas em executar o programa<span class=\"Apple-converted-space\">\u00a0 <\/span><em>Bras\u00edl.IA \u2013 Inclus\u00e3o Digital a partir de Tecnologias Portadoras de Futuro.<\/em> O valor investido ser\u00e1 de R$ 13 milh\u00f5es.<span class=\"Apple-converted-space\">\u00a0<\/span>Duas do DF foram selecionadas, na semana passada, no resultado provis\u00f3rio de avalia\u00e7\u00e3o das propostas:\u00a0ABCCEL e RBCIP.<\/span><\/p>\n<p class=\"p1\"><span class=\"s1\"> \u201c\u00c9 uma iniciativa estrat\u00e9gica que ir\u00e1 impulsionar o desenvolvimento e a aplica\u00e7\u00e3o de tecnologias de intelig\u00eancia artificial em diversas \u00e1reas-chave da administra\u00e7\u00e3o. Vamos come\u00e7ar atendendo as \u00e1reas de Sa\u00fade e Educa\u00e7\u00e3o do GDF. Tamb\u00e9m ser\u00e1 uma fonte para desenvolvimento de pesquisas \u201d, disse \u00e0 coluna o secret\u00e1rio de Ci\u00eancia, tecnologia e Inova\u00e7\u00e3o, Leonardo Reisman.<\/span><\/p>\n<p class=\"p1\"><strong><span class=\"s1\">Mudan\u00e7a para o Setor Comercial Sul<\/span><\/strong><\/p>\n<p class=\"p1\"><span class=\"s1\">Em outubro, a sede da secretaria ser\u00e1 transferida para o Setor Comercial Sul. Esta mudan\u00e7a se d\u00e1 no bojo da implementa\u00e7\u00e3o do P\u00f3lo Criativo Tecnol\u00f3gico. O objetivo \u00e9 atrair para a regi\u00e3o novos investimentos e empresas, impulsionar a cria\u00e7\u00e3o de empregos, fortalecer o ecossistema de ci\u00eancia, tecnologia e inova\u00e7\u00e3o do DF. A nova sede da Secti-DF contar\u00e1 com um espa\u00e7o aberto ao p\u00fablico<\/span><\/p>\n<p><img loading=\"lazy\" decoding=\"async\" class=\"aligncenter size-medium wp-image-17223\" src=\"https:\/\/blogs.correiobraziliense.com.br\/capital-sa\/wp-content\/uploads\/sites\/59\/2024\/09\/F3FFEF86-A5A7-4885-8F88-F72D1F6E7AE9-300x200.jpeg\" alt=\"\" width=\"300\" height=\"200\" \/><\/p>\n<p class=\"p1\"><strong><span class=\"s1\">Economia Criativa <\/span><\/strong><\/p>\n<p class=\"p1\"><span class=\"s1\">Para o secret\u00e1rio Leonardo Reisman, o Setor Comercial Sul tem uma localiza\u00e7\u00e3o geogr\u00e1fica \u201cfant\u00e1stica\u201d e um potencial de desenvolvimento enquanto polo de economia criativa e inova\u00e7\u00e3o. \u201cIremos levar todos os nossos programas e teremos um ambiente para receber a comunidade e as startups\u201d, destacou.<\/span><\/p>\n","protected":false},"excerpt":{"rendered":"<p>Por Samanta Sallum\u00a0 O Governo do Distrito Federal, por meio da Secretaria de Ci\u00eancia, Tecnologia e Inova\u00e7\u00e3o (Secti-DF), lan\u00e7ou edital de chamamento p\u00fablico para selecionar Organiza\u00e7\u00f5es da Sociedade Civil (OSCs) interessadas em executar o programa\u00a0 Bras\u00edl.IA \u2013 Inclus\u00e3o Digital a partir de Tecnologias Portadoras de Futuro. O valor investido ser\u00e1 de R$ 13 milh\u00f5es.\u00a0Duas do DF foram selecionadas, na semana [&hellip;]<\/p>\n","protected":false},"author":125,"featured_media":17222,"comment_status":"open","ping_status":"open","sticky":false,"template":"","format":"standard","meta":{"footnotes":""},"categories":[6],"tags":[2435,1616,960,1119,203,2261,503,2434,351,1104,2437,143,2436,280,2433,21,33],"class_list":["post-17218","post","type-post","status-publish","format-standard","has-post-thumbnail","hentry","category-coluna-capital-s-a","tag-abccel","tag-ciencia","tag-economiacriativa","tag-educacao","tag-gdf","tag-ia","tag-inclusao","tag-inclusaodigital","tag-inovacao","tag-inteligenciaartificial","tag-leonardoreisman","tag-pesquisa","tag-rbcip","tag-saude","tag-secti-df","tag-scs","tag-tecnologia"],"_links":{"self":[{"href":"https:\/\/blogs.correiobraziliense.com.br\/capital-sa\/wp-json\/wp\/v2\/posts\/17218","targetHints":{"allow":["GET"]}}],"collection":[{"href":"https:\/\/blogs.correiobraziliense.com.br\/capital-sa\/wp-json\/wp\/v2\/posts"}],"about":[{"href":"https:\/\/blogs.correiobraziliense.com.br\/capital-sa\/wp-json\/wp\/v2\/types\/post"}],"author":[{"embeddable":true,"href":"https:\/\/blogs.correiobraziliense.com.br\/capital-sa\/wp-json\/wp\/v2\/users\/125"}],"replies":[{"embeddable":true,"href":"https:\/\/blogs.correiobraziliense.com.br\/capital-sa\/wp-json\/wp\/v2\/comments?post=17218"}],"version-history":[{"count":5,"href":"https:\/\/blogs.correiobraziliense.com.br\/capital-sa\/wp-json\/wp\/v2\/posts\/17218\/revisions"}],"predecessor-version":[{"id":17225,"href":"https:\/\/blogs.correiobraziliense.com.br\/capital-sa\/wp-json\/wp\/v2\/posts\/17218\/revisions\/17225"}],"wp:featuredmedia":[{"embeddable":true,"href":"https:\/\/blogs.correiobraziliense.com.br\/capital-sa\/wp-json\/wp\/v2\/media\/17222"}],"wp:attachment":[{"href":"https:\/\/blogs.correiobraziliense.com.br\/capital-sa\/wp-json\/wp\/v2\/media?parent=17218"}],"wp:term":[{"taxonomy":"category","embeddable":true,"href":"https:\/\/blogs.correiobraziliense.com.br\/capital-sa\/wp-json\/wp\/v2\/categories?post=17218"},{"taxonomy":"post_tag","embeddable":true,"href":"https:\/\/blogs.correiobraziliense.com.br\/capital-sa\/wp-json\/wp\/v2\/tags?post=17218"}],"curies":[{"name":"wp","href":"https:\/\/api.w.org\/{rel}","templated":true}]}}