{"id":1721,"date":"2021-02-04T12:59:55","date_gmt":"2021-02-04T15:59:55","guid":{"rendered":"https:\/\/blogs.correiobraziliense.com.br\/capital-sa\/?p=1721"},"modified":"2021-02-04T12:59:55","modified_gmt":"2021-02-04T15:59:55","slug":"grupo-funn-investe-no-pontao","status":"publish","type":"post","link":"https:\/\/blogs.correiobraziliense.com.br\/capital-sa\/2021\/02\/04\/grupo-funn-investe-no-pontao\/","title":{"rendered":"Grupo FUNN investe no Pont\u00e3o"},"content":{"rendered":"<p>Bras\u00edlia se reinventa na pandemia. V\u00e1rios bares e restaurantes infelizmente fecharam. Mas outros est\u00e3o surgindo e absorvendo parte dos trabalhadores que ficaram desempregados.<\/p>\n<p>Um exemplo \u00e9 o Med Cuisine &amp; Club, que abriu no in\u00edcio de dezembro, no Pont\u00e3o do Lago Sul. Emprega cerca de 90 pessoas, entre eles gar\u00e7ons de estabelecimentos que encerraram as atividades.<\/p>\n<p>\u00c0 frente do novo point da cidade, est\u00e3o os s\u00f3cios do Grupo FUNN. Eles j\u00e1 comandam o New Mercadito, na 201 Sul; o Vers\u00e3o Brasileira Bar e Restaurante, na 204 Sul, e s\u00e3o os realizadores do Funn Festival.<\/p>\n<p>Os empres\u00e1rios Paulo Victor Paim, Pedro Caetano, Henrique Migras, Hugo Andrade, Vinicius Freire, Roberto Borges Leal e Carlos Constantino assinam agora o Med Cuisine &amp; Club, em parceria com a cervejaria belga Stella Artois.<\/p>\n<p>&nbsp;<\/p>\n<p><img loading=\"lazy\" decoding=\"async\" class=\"aligncenter size-medium wp-image-1726\" src=\"https:\/\/blogs.correiobraziliense.com.br\/capital-sa\/wp-content\/uploads\/sites\/59\/2021\/02\/816C1EBB-783F-4981-8601-4D54B1914785-300x200.jpeg\" alt=\"\" width=\"300\" height=\"200\" srcset=\"https:\/\/blogs.correiobraziliense.com.br\/capital-sa\/wp-content\/uploads\/sites\/59\/2021\/02\/816C1EBB-783F-4981-8601-4D54B1914785-300x200.jpeg 300w, https:\/\/blogs.correiobraziliense.com.br\/capital-sa\/wp-content\/uploads\/sites\/59\/2021\/02\/816C1EBB-783F-4981-8601-4D54B1914785-768x511.jpeg 768w, https:\/\/blogs.correiobraziliense.com.br\/capital-sa\/wp-content\/uploads\/sites\/59\/2021\/02\/816C1EBB-783F-4981-8601-4D54B1914785-1024x682.jpeg 1024w, https:\/\/blogs.correiobraziliense.com.br\/capital-sa\/wp-content\/uploads\/sites\/59\/2021\/02\/816C1EBB-783F-4981-8601-4D54B1914785-800x533.jpeg 800w, https:\/\/blogs.correiobraziliense.com.br\/capital-sa\/wp-content\/uploads\/sites\/59\/2021\/02\/816C1EBB-783F-4981-8601-4D54B1914785-550x366.jpeg 550w, https:\/\/blogs.correiobraziliense.com.br\/capital-sa\/wp-content\/uploads\/sites\/59\/2021\/02\/816C1EBB-783F-4981-8601-4D54B1914785-230x153.jpeg 230w, https:\/\/blogs.correiobraziliense.com.br\/capital-sa\/wp-content\/uploads\/sites\/59\/2021\/02\/816C1EBB-783F-4981-8601-4D54B1914785.jpeg 1280w\" sizes=\"auto, (max-width: 300px) 100vw, 300px\" \/><\/p>\n<p>O projeto pretende ser itinerante e ficar\u00e1 nesta temporada por 6 meses no Pont\u00e3o. Arquitetura e d\u00e9cors\u00e3o da arquiteta Marcella Teixeira.<\/p>\n<p><strong>M\u00fasica ao vivo<\/strong><\/p>\n<p>O Med Cuisine &amp; Club abriu trazendo de volta a Bras\u00edlia a programa\u00e7\u00e3o ao vivo de DJs e m\u00fasicos. O conceito \u00e9 essencialmente lounge eletronic music e contar\u00e1 com atra\u00e7\u00f5es de destaque nacional. Atualmente, de segunda a quarta, a casa conta com m\u00fasica ao vivo passeando por estilos como o jazz, e o R&amp;B\u00a0de quinta a domingo. O cantor Rog\u00e9rio Midlej (foto) \u00a0j\u00e1 foi uma das atra\u00e7\u00f5es do espa\u00e7o.<\/p>\n<p><img loading=\"lazy\" decoding=\"async\" class=\"aligncenter size-medium wp-image-1728\" src=\"https:\/\/blogs.correiobraziliense.com.br\/capital-sa\/wp-content\/uploads\/sites\/59\/2021\/02\/9BF91C1A-6433-4C60-A38B-E81AAAE4B434-225x300.jpeg\" alt=\"\" width=\"225\" height=\"300\" srcset=\"https:\/\/blogs.correiobraziliense.com.br\/capital-sa\/wp-content\/uploads\/sites\/59\/2021\/02\/9BF91C1A-6433-4C60-A38B-E81AAAE4B434-225x300.jpeg 225w, https:\/\/blogs.correiobraziliense.com.br\/capital-sa\/wp-content\/uploads\/sites\/59\/2021\/02\/9BF91C1A-6433-4C60-A38B-E81AAAE4B434-768x1024.jpeg 768w, https:\/\/blogs.correiobraziliense.com.br\/capital-sa\/wp-content\/uploads\/sites\/59\/2021\/02\/9BF91C1A-6433-4C60-A38B-E81AAAE4B434-800x1067.jpeg 800w, https:\/\/blogs.correiobraziliense.com.br\/capital-sa\/wp-content\/uploads\/sites\/59\/2021\/02\/9BF91C1A-6433-4C60-A38B-E81AAAE4B434-550x733.jpeg 550w, https:\/\/blogs.correiobraziliense.com.br\/capital-sa\/wp-content\/uploads\/sites\/59\/2021\/02\/9BF91C1A-6433-4C60-A38B-E81AAAE4B434-230x307.jpeg 230w, https:\/\/blogs.correiobraziliense.com.br\/capital-sa\/wp-content\/uploads\/sites\/59\/2021\/02\/9BF91C1A-6433-4C60-A38B-E81AAAE4B434.jpeg 960w\" sizes=\"auto, (max-width: 225px) 100vw, 225px\" \/><\/p>\n<p>&nbsp;<\/p>\n<p><strong>Protocolo de sa\u00fade<\/strong><\/p>\n<p>O espa\u00e7o \u00e9 grande, arejadoe para frequentar \u00e9 preciso seguir regras como reservar antes, a entrada \u00e9 acompanhada de recepcionista at\u00e9 a mesa para evitar circula\u00e7\u00e3o indevida e, apesar dos shows, n\u00e3o \u00e9 permitido ficar em p\u00e9 e dan\u00e7ar no local.<\/p>\n<p>&nbsp;<\/p>\n","protected":false},"excerpt":{"rendered":"<p>Bras\u00edlia se reinventa na pandemia. V\u00e1rios bares e restaurantes infelizmente fecharam. Mas outros est\u00e3o surgindo e absorvendo parte dos trabalhadores que ficaram desempregados. Um exemplo \u00e9 o Med Cuisine &amp; Club, que abriu no in\u00edcio de dezembro, no Pont\u00e3o do Lago Sul. Emprega cerca de 90 pessoas, entre eles gar\u00e7ons de estabelecimentos que encerraram as atividades. \u00c0 frente do novo [&hellip;]<\/p>\n","protected":false},"author":125,"featured_media":1725,"comment_status":"open","ping_status":"open","sticky":false,"template":"","format":"standard","meta":{"footnotes":""},"categories":[1],"tags":[],"class_list":["post-1721","post","type-post","status-publish","format-standard","has-post-thumbnail","hentry","category-sem-categoria"],"_links":{"self":[{"href":"https:\/\/blogs.correiobraziliense.com.br\/capital-sa\/wp-json\/wp\/v2\/posts\/1721","targetHints":{"allow":["GET"]}}],"collection":[{"href":"https:\/\/blogs.correiobraziliense.com.br\/capital-sa\/wp-json\/wp\/v2\/posts"}],"about":[{"href":"https:\/\/blogs.correiobraziliense.com.br\/capital-sa\/wp-json\/wp\/v2\/types\/post"}],"author":[{"embeddable":true,"href":"https:\/\/blogs.correiobraziliense.com.br\/capital-sa\/wp-json\/wp\/v2\/users\/125"}],"replies":[{"embeddable":true,"href":"https:\/\/blogs.correiobraziliense.com.br\/capital-sa\/wp-json\/wp\/v2\/comments?post=1721"}],"version-history":[{"count":5,"href":"https:\/\/blogs.correiobraziliense.com.br\/capital-sa\/wp-json\/wp\/v2\/posts\/1721\/revisions"}],"predecessor-version":[{"id":1729,"href":"https:\/\/blogs.correiobraziliense.com.br\/capital-sa\/wp-json\/wp\/v2\/posts\/1721\/revisions\/1729"}],"wp:featuredmedia":[{"embeddable":true,"href":"https:\/\/blogs.correiobraziliense.com.br\/capital-sa\/wp-json\/wp\/v2\/media\/1725"}],"wp:attachment":[{"href":"https:\/\/blogs.correiobraziliense.com.br\/capital-sa\/wp-json\/wp\/v2\/media?parent=1721"}],"wp:term":[{"taxonomy":"category","embeddable":true,"href":"https:\/\/blogs.correiobraziliense.com.br\/capital-sa\/wp-json\/wp\/v2\/categories?post=1721"},{"taxonomy":"post_tag","embeddable":true,"href":"https:\/\/blogs.correiobraziliense.com.br\/capital-sa\/wp-json\/wp\/v2\/tags?post=1721"}],"curies":[{"name":"wp","href":"https:\/\/api.w.org\/{rel}","templated":true}]}}