{"id":17200,"date":"2024-09-09T15:27:31","date_gmt":"2024-09-09T18:27:31","guid":{"rendered":"https:\/\/blogs.correiobraziliense.com.br\/capital-sa\/?p=17200"},"modified":"2024-09-09T17:32:56","modified_gmt":"2024-09-09T20:32:56","slug":"ninguem-vai-acabar-com-o-eixao-do-lazer-e-um-espaco-democratico-afirma-celina-leao","status":"publish","type":"post","link":"https:\/\/blogs.correiobraziliense.com.br\/capital-sa\/2024\/09\/09\/ninguem-vai-acabar-com-o-eixao-do-lazer-e-um-espaco-democratico-afirma-celina-leao\/","title":{"rendered":"\u201cNingu\u00e9m vai acabar com o Eix\u00e3o do Lazer. \u00c9 um espa\u00e7o democr\u00e1tico\u201d, afirma Celina Le\u00e3o"},"content":{"rendered":"<p><strong>Por Samanta Sallum\u00a0<\/strong><\/p>\n<p>A vice-governadora Celina Le\u00e3o disse que \u00e9 \u201cfakenews\u201d da oposi\u00e7\u00e3o que o GDF quer acabar com o Eix\u00e3o do Lazer. Afirmou que est\u00e1 na defesa do \u201cespa\u00e7o democr\u00e1tico\u201d. Segundo ela, a opera\u00e7\u00e3o do DER e do DF Legal teve foco apenas contra a venda de bebida alco\u00f3lica.<\/p>\n<p class=\"p2\"><span class=\"s1\">\u201c\u00c9 absurdo dizerem que nosso governo quer acabar com o Eix\u00e3o<span class=\"Apple-converted-space\">\u00a0<\/span>do Lazer. A oposi\u00e7\u00e3o pegou isso para politizar a situa\u00e7\u00e3o. Nosso governador (Ibaneis Rocha)<\/span><span class=\"s1\">\u00a0j\u00e1 foi presidente da OAB, sabe o que faz, \u00e9 um gestor democr\u00e1tico\u201d, enfatizou Celina, durante entrevista exclusiva ao programa CB Poder, parceria do Correio Braziliense com a TV Bras\u00edlia.<\/span><\/p>\n<p class=\"p2\"><span class=\"s1\">A vice governadora contou que o Grupo de Trabalho, criado pelo GDF para definir um plano de ocupa\u00e7\u00e3o do Eix\u00e3o, aos domingos, est\u00e1 fazendo uma pesquisa de opini\u00e3o p\u00fablica.<br \/>\n<\/span><\/p>\n<p class=\"p2\"><span class=\"s1\">\u201cEstamos ouvindo os frequentadores, os moradores. E h\u00e1 uma divis\u00e3o de opini\u00f5es. S\u00e3o dois lados da mesma moeda. Pois, entre o p\u00fablico que usufrui do espa\u00e7o, h\u00e1 quem seja contra a venda de bebida alco\u00f3lica e h\u00e1 quem seja a favor\u201d, disse.<\/span><\/p>\n<p class=\"p2\"><span class=\"s1\">Celina Leao refor\u00e7ou que o atual goverrno tem o Eix\u00e3o do Lazer como prioridade. \u201cSabemos como ele \u00e9 importante para o brasiliense.\u00a0<\/span><span class=\"s1\">Lembro que foi o primeiro espa\u00e7o p\u00fablico a ser liberado quando foi poss\u00edvel durante a pandemia.<\/span><\/p>\n","protected":false},"excerpt":{"rendered":"<p>Por Samanta Sallum\u00a0 A vice-governadora Celina Le\u00e3o disse que \u00e9 \u201cfakenews\u201d da oposi\u00e7\u00e3o que o GDF quer acabar com o Eix\u00e3o do Lazer. Afirmou que est\u00e1 na defesa do \u201cespa\u00e7o democr\u00e1tico\u201d. Segundo ela, a opera\u00e7\u00e3o do DER e do DF Legal teve foco apenas contra a venda de bebida alco\u00f3lica. \u201c\u00c9 absurdo dizerem que nosso governo quer acabar com o [&hellip;]<\/p>\n","protected":false},"author":125,"featured_media":17203,"comment_status":"open","ping_status":"open","sticky":false,"template":"","format":"standard","meta":{"footnotes":""},"categories":[6],"tags":[1358,2430,2428,2429,203,642],"class_list":["post-17200","post","type-post","status-publish","format-standard","has-post-thumbnail","hentry","category-coluna-capital-s-a","tag-celinaleao","tag-der-df","tag-eixao","tag-eixaodolazer","tag-gdf","tag-ibaneisrocha"],"_links":{"self":[{"href":"https:\/\/blogs.correiobraziliense.com.br\/capital-sa\/wp-json\/wp\/v2\/posts\/17200","targetHints":{"allow":["GET"]}}],"collection":[{"href":"https:\/\/blogs.correiobraziliense.com.br\/capital-sa\/wp-json\/wp\/v2\/posts"}],"about":[{"href":"https:\/\/blogs.correiobraziliense.com.br\/capital-sa\/wp-json\/wp\/v2\/types\/post"}],"author":[{"embeddable":true,"href":"https:\/\/blogs.correiobraziliense.com.br\/capital-sa\/wp-json\/wp\/v2\/users\/125"}],"replies":[{"embeddable":true,"href":"https:\/\/blogs.correiobraziliense.com.br\/capital-sa\/wp-json\/wp\/v2\/comments?post=17200"}],"version-history":[{"count":5,"href":"https:\/\/blogs.correiobraziliense.com.br\/capital-sa\/wp-json\/wp\/v2\/posts\/17200\/revisions"}],"predecessor-version":[{"id":17206,"href":"https:\/\/blogs.correiobraziliense.com.br\/capital-sa\/wp-json\/wp\/v2\/posts\/17200\/revisions\/17206"}],"wp:featuredmedia":[{"embeddable":true,"href":"https:\/\/blogs.correiobraziliense.com.br\/capital-sa\/wp-json\/wp\/v2\/media\/17203"}],"wp:attachment":[{"href":"https:\/\/blogs.correiobraziliense.com.br\/capital-sa\/wp-json\/wp\/v2\/media?parent=17200"}],"wp:term":[{"taxonomy":"category","embeddable":true,"href":"https:\/\/blogs.correiobraziliense.com.br\/capital-sa\/wp-json\/wp\/v2\/categories?post=17200"},{"taxonomy":"post_tag","embeddable":true,"href":"https:\/\/blogs.correiobraziliense.com.br\/capital-sa\/wp-json\/wp\/v2\/tags?post=17200"}],"curies":[{"name":"wp","href":"https:\/\/api.w.org\/{rel}","templated":true}]}}