{"id":17180,"date":"2024-09-06T13:57:24","date_gmt":"2024-09-06T16:57:24","guid":{"rendered":"https:\/\/blogs.correiobraziliense.com.br\/capital-sa\/?p=17180"},"modified":"2024-09-06T17:25:09","modified_gmt":"2024-09-06T20:25:09","slug":"estudo-da-cnc-alerta-para-crise-no-comercio-e-no-turismo-com-sobrecarga-de-imposto","status":"publish","type":"post","link":"https:\/\/blogs.correiobraziliense.com.br\/capital-sa\/2024\/09\/06\/estudo-da-cnc-alerta-para-crise-no-comercio-e-no-turismo-com-sobrecarga-de-imposto\/","title":{"rendered":"Estudo da CNC alerta para crise no com\u00e9rcio e no turismo com sobrecarga de imposto"},"content":{"rendered":"<p><em><span class=\"s1\">Bares e restaurantes j\u00e1 sofrem com alto endividamento e queda nas vendas<\/span><\/em><\/p>\n<p class=\"p1\"><strong>Por Samanta Sallum\u00a0<\/strong><\/p>\n<p class=\"p1\"><span class=\"s1\">O varejo poder\u00e1 enfrentar um aumento de tributa\u00e7\u00e3o em torno de 18%, enquanto o setor de servi\u00e7os poder\u00e1 sofrer aumentos que variam de 80% a 230% com a reforma tribut\u00e1ria. \u201cIsso n\u00e3o apenas dificultar\u00e1 os neg\u00f3cios dos empres\u00e1rios, mas tamb\u00e9m impactar\u00e1 toda a cadeia que depende desses setores\u201d, alertou o economista-chefe da Confedera\u00e7\u00e3o Nacional do Com\u00e9rcio de Bens, Servi\u00e7os e Turismo (CNC), Felipe Tavares.<br \/>\n<\/span><\/p>\n<p class=\"p1\"><span class=\"s1\">Ele participou da audi\u00eancia p\u00fablica da Comiss\u00e3o de Assuntos Econ\u00f4micos (CAE) do Senado, na qual foram discutidos os impactos da reforma tribut\u00e1ria nos setores de com\u00e9rcio e servi\u00e7os. <\/span><\/p>\n<p class=\"p1\">A al\u00edquota combinada dos novos tributos pode atingir 27,97%, o que colocaria o Brasil como o pa\u00eds com a maior al\u00edquota de IVA no mundo, superando a Hungria. \u201cA carga tribut\u00e1ria mais elevada trar\u00e1 um impacto severo sobre os empregadores com grandes folhas de pagamento, resultando potencialmente em desemprego e informalidade\u201d, apontou o economista.<\/p>\n<p class=\"p1\"><span class=\"s1\">A import\u00e2ncia de revisar as al\u00edquotas de tributa\u00e7\u00e3o aplicadas ao setor de turismo foi tamb\u00e9m destacada por Tavares. Ele mencionou que bares, restaurantes e hot\u00e9is, que s\u00e3o parte fundamental das atividades tur\u00edsticas, enfrentam uma forte competi\u00e7\u00e3o internacional. <\/span><\/p>\n<p class=\"p1\"><span class=\"s1\">Segundo ele, se os custos no Brasil aumentarem excessivamente, h\u00e1 o risco de que turistas escolham outros destinos, \u201co que representaria uma grande oportunidade perdida para o pa\u00eds, que possui uma voca\u00e7\u00e3o natural para o turismo.\u201d<\/span><\/p>\n<p class=\"p1\"><strong><span class=\"s1\">Bares e restaurantes sofrem com alto endividamento e queda nas vendas<\/span><\/strong><\/p>\n<p class=\"p1\"><span class=\"s1\">Pesquisa realizada pela Abrasel, com 2.333 empreendedores do setor de bares e restaurantes em todo o Brasil, revela que nos sete primeiros meses de 2024 houve crescimento no n\u00famero de empresas com dificuldade em reajustar seus card\u00e1pios para acompanhar a infla\u00e7\u00e3o.<br \/>\n<\/span><\/p>\n<p class=\"p1\"><span class=\"s1\">Em janeiro de 2024, 31% das empresas registraram o problema, mas o percentual subiu para 40% na medi\u00e7\u00e3o de agosto, representando um aumento de quase 10%. Esse cen\u00e1rio reflete a press\u00e3o dos custos crescentes de alimentos e bebidas sobre as margens de lucro dos estabelecimentos. <\/span><\/p>\n<p class=\"p1\"><span class=\"s1\">Paulo Solmucci, presidente da Abrasel, que participou da audi\u00eancia no Senado na ter\u00e7a-feira para discutir a reforma tribut\u00e1ria, destacou a urg\u00eancia de medidas que tragam al\u00edvio ao caixa das empresas. <\/span><\/p>\n<p class=\"p1\"><span class=\"s1\">Outro dado preocupante \u00e9 que o n\u00edvel de endividamento das empresas do setor de bares e restaurantes continua elevado, com cerca de 40% das empresas registrando pagamentos em atraso. <\/span><\/p>\n","protected":false},"excerpt":{"rendered":"<p>Bares e restaurantes j\u00e1 sofrem com alto endividamento e queda nas vendas Por Samanta Sallum\u00a0 O varejo poder\u00e1 enfrentar um aumento de tributa\u00e7\u00e3o em torno de 18%, enquanto o setor de servi\u00e7os poder\u00e1 sofrer aumentos que variam de 80% a 230% com a reforma tribut\u00e1ria. \u201cIsso n\u00e3o apenas dificultar\u00e1 os neg\u00f3cios dos empres\u00e1rios, mas tamb\u00e9m impactar\u00e1 toda a cadeia que [&hellip;]<\/p>\n","protected":false},"author":125,"featured_media":17183,"comment_status":"open","ping_status":"open","sticky":false,"template":"","format":"standard","meta":{"footnotes":""},"categories":[6],"tags":[712,221,1593,1908,275,408,276,2423,2424,629,222,492,454,1325,333,4,2,779],"class_list":["post-17180","post","type-post","status-publish","format-standard","has-post-thumbnail","hentry","category-coluna-capital-s-a","tag-abrasel","tag-bares","tag-cae","tag-cargatributaria","tag-cnc","tag-crescimento","tag-economia","tag-felipetavares","tag-paulosolmucci","tag-reformatributaria","tag-restaurantes","tag-senado","tag-servicos","tag-tributacao","tag-turismo","tag-crise","tag-empreendedorismo","tag-varejo"],"_links":{"self":[{"href":"https:\/\/blogs.correiobraziliense.com.br\/capital-sa\/wp-json\/wp\/v2\/posts\/17180","targetHints":{"allow":["GET"]}}],"collection":[{"href":"https:\/\/blogs.correiobraziliense.com.br\/capital-sa\/wp-json\/wp\/v2\/posts"}],"about":[{"href":"https:\/\/blogs.correiobraziliense.com.br\/capital-sa\/wp-json\/wp\/v2\/types\/post"}],"author":[{"embeddable":true,"href":"https:\/\/blogs.correiobraziliense.com.br\/capital-sa\/wp-json\/wp\/v2\/users\/125"}],"replies":[{"embeddable":true,"href":"https:\/\/blogs.correiobraziliense.com.br\/capital-sa\/wp-json\/wp\/v2\/comments?post=17180"}],"version-history":[{"count":5,"href":"https:\/\/blogs.correiobraziliense.com.br\/capital-sa\/wp-json\/wp\/v2\/posts\/17180\/revisions"}],"predecessor-version":[{"id":17186,"href":"https:\/\/blogs.correiobraziliense.com.br\/capital-sa\/wp-json\/wp\/v2\/posts\/17180\/revisions\/17186"}],"wp:featuredmedia":[{"embeddable":true,"href":"https:\/\/blogs.correiobraziliense.com.br\/capital-sa\/wp-json\/wp\/v2\/media\/17183"}],"wp:attachment":[{"href":"https:\/\/blogs.correiobraziliense.com.br\/capital-sa\/wp-json\/wp\/v2\/media?parent=17180"}],"wp:term":[{"taxonomy":"category","embeddable":true,"href":"https:\/\/blogs.correiobraziliense.com.br\/capital-sa\/wp-json\/wp\/v2\/categories?post=17180"},{"taxonomy":"post_tag","embeddable":true,"href":"https:\/\/blogs.correiobraziliense.com.br\/capital-sa\/wp-json\/wp\/v2\/tags?post=17180"}],"curies":[{"name":"wp","href":"https:\/\/api.w.org\/{rel}","templated":true}]}}