{"id":17167,"date":"2024-09-05T15:09:05","date_gmt":"2024-09-05T18:09:05","guid":{"rendered":"https:\/\/blogs.correiobraziliense.com.br\/capital-sa\/?p=17167"},"modified":"2024-09-05T17:40:43","modified_gmt":"2024-09-05T20:40:43","slug":"destaque-da-industria-na-alta-do-pib","status":"publish","type":"post","link":"https:\/\/blogs.correiobraziliense.com.br\/capital-sa\/2024\/09\/05\/destaque-da-industria-na-alta-do-pib\/","title":{"rendered":"Destaque da Ind\u00fastria na alta do PIB"},"content":{"rendered":"<p><em>Constru\u00e7\u00e3o Civil cresceu 3,5% no 2\u00ba trimestre de 2024, em rela\u00e7\u00e3o aos primeiros tr\u00eas meses do ano,\u00a0resultado que ajudou a impulsionar o crescimento geral do setor\u00a0<\/em><\/p>\n<p><strong>Por Samanta Sallum\u00a0<\/strong><\/p>\n<p class=\"p1\">A Confedera\u00e7\u00e3o Nacional da Ind\u00fastria (CNI) refor\u00e7ou que o crescimento de 1,4% do Produto Interno Bruto (PIB) no 2\u00ba trimestre de 2024 veio acima das expectativas. De acordo com o IBGE, a ind\u00fastria foi o segmento econ\u00f4mico com o melhor desempenho entre abril e junho. A CNI considera que a alta de 1,8% do PIB industrial reflete um desempenho muito positivo da atividade do setor.<\/p>\n<p class=\"p1\"><strong><span class=\"s3\">Consumo e investimento puxam demanda <\/span><\/strong><\/p>\n<p class=\"p1\"><span class=\"s1\">O crescimento da ind\u00fastria passa, primeiramente, pelo aumento do consumo, que subiu 1,3%, na compara\u00e7\u00e3o com o 1\u00ba trimestre do ano; e 4,9%, em rela\u00e7\u00e3o ao mesmo trimestre de 2023. Na avalia\u00e7\u00e3o da CNI, isso se deve ao mercado de trabalho aquecido, em que o n\u00famero de pessoas ocupadas mant\u00e9m tend\u00eancia de alta, bem como ao aumento dos sal\u00e1rios.<\/span><\/p>\n<p class=\"p1\"><strong><span class=\"s1\">Altos e Baixos <\/span><\/strong><\/p>\n<p class=\"p1\"><span class=\"s1\">De acordo com dados divulgados pelo IBGE, a ind\u00fastria encolheu 1,4% na passagem de junho para julho. As principais influ\u00eancias negativas para o desempenho vieram dos segmentos de produtos aliment\u00edcios, celulose e papel, derivados de petr\u00f3leo e ind\u00fastrias extrativas. Em junho havia registrado avan\u00e7o expressivo, de 4,3%. A ind\u00fastria brasileira vive altos e baixos em 2024. Para o restante do ano, o mercado estima um crescimento t\u00edmido.<\/span><\/p>\n<p><strong>Revis\u00e3o de Expectativas da CBIC\u00a0<\/strong><\/p>\n<p class=\"p1\"><span class=\"s1\">A Constru\u00e7\u00e3o Civil cresceu 3,5% no 2\u00ba trimestre de 2024, em rela\u00e7\u00e3o aos primeiros tr\u00eas meses do ano,<span class=\"Apple-converted-space\">\u00a0<\/span>resultado que ajudou a impulsionar o crescimento da Ind\u00fastria (+1,8%). O desempenho do setor tamb\u00e9m foi superior ao observado pela economia brasileira (+1,4%) no per\u00edodo. <\/span><\/p>\n<p>O bom ritmo de atividade em 2024 j\u00e1 levou a C\u00e2mara Brasileira da Ind\u00fastria da Constru\u00e7\u00e3o (CBIC) a revisar as suas expectativas para o crescimento do setor neste ano, de 2,3% para 3,0%.<\/p>\n<p class=\"p1\"><strong><span class=\"s1\">Minha Casa, Minha Vida<\/span><\/strong><\/p>\n<p class=\"p1\"><span class=\"s1\">\u201cO mercado de trabalho nacional resiliente, as novas condi\u00e7\u00f5es do Programa Minha Casa, Minha Vida, a redu\u00e7\u00e3o, mesmo que modesta, da taxa de juros, s\u00e3o alguns dos fatores que contribuem para explicar o resultado do setor e indicam boas perspectivas de desempenho para o segundo semestre e para 2025\u201d, destacou Ieda Vasconcelos, economista da CBIC.<\/span><\/p>\n","protected":false},"excerpt":{"rendered":"<p>Constru\u00e7\u00e3o Civil cresceu 3,5% no 2\u00ba trimestre de 2024, em rela\u00e7\u00e3o aos primeiros tr\u00eas meses do ano,\u00a0resultado que ajudou a impulsionar o crescimento geral do setor\u00a0 Por Samanta Sallum\u00a0 A Confedera\u00e7\u00e3o Nacional da Ind\u00fastria (CNI) refor\u00e7ou que o crescimento de 1,4% do Produto Interno Bruto (PIB) no 2\u00ba trimestre de 2024 veio acima das expectativas. De acordo com o IBGE, [&hellip;]<\/p>\n","protected":false},"author":125,"featured_media":17172,"comment_status":"open","ping_status":"open","sticky":false,"template":"","format":"standard","meta":{"footnotes":""},"categories":[6],"tags":[2060,2420,2094,408,276,908,1524,2422,1580,2421,340,64,10,60,7],"class_list":["post-17167","post","type-post","status-publish","format-standard","has-post-thumbnail","hentry","category-coluna-capital-s-a","tag-atividadeeconomica","tag-cbic","tag-construcaocivil","tag-crescimento","tag-economia","tag-expectativa","tag-ibge","tag-iedavasconcelos","tag-mercado","tag-minhacasaminhavida","tag-trabalho","tag-cni","tag-comercio","tag-industria","tag-pib"],"_links":{"self":[{"href":"https:\/\/blogs.correiobraziliense.com.br\/capital-sa\/wp-json\/wp\/v2\/posts\/17167","targetHints":{"allow":["GET"]}}],"collection":[{"href":"https:\/\/blogs.correiobraziliense.com.br\/capital-sa\/wp-json\/wp\/v2\/posts"}],"about":[{"href":"https:\/\/blogs.correiobraziliense.com.br\/capital-sa\/wp-json\/wp\/v2\/types\/post"}],"author":[{"embeddable":true,"href":"https:\/\/blogs.correiobraziliense.com.br\/capital-sa\/wp-json\/wp\/v2\/users\/125"}],"replies":[{"embeddable":true,"href":"https:\/\/blogs.correiobraziliense.com.br\/capital-sa\/wp-json\/wp\/v2\/comments?post=17167"}],"version-history":[{"count":7,"href":"https:\/\/blogs.correiobraziliense.com.br\/capital-sa\/wp-json\/wp\/v2\/posts\/17167\/revisions"}],"predecessor-version":[{"id":17177,"href":"https:\/\/blogs.correiobraziliense.com.br\/capital-sa\/wp-json\/wp\/v2\/posts\/17167\/revisions\/17177"}],"wp:featuredmedia":[{"embeddable":true,"href":"https:\/\/blogs.correiobraziliense.com.br\/capital-sa\/wp-json\/wp\/v2\/media\/17172"}],"wp:attachment":[{"href":"https:\/\/blogs.correiobraziliense.com.br\/capital-sa\/wp-json\/wp\/v2\/media?parent=17167"}],"wp:term":[{"taxonomy":"category","embeddable":true,"href":"https:\/\/blogs.correiobraziliense.com.br\/capital-sa\/wp-json\/wp\/v2\/categories?post=17167"},{"taxonomy":"post_tag","embeddable":true,"href":"https:\/\/blogs.correiobraziliense.com.br\/capital-sa\/wp-json\/wp\/v2\/tags?post=17167"}],"curies":[{"name":"wp","href":"https:\/\/api.w.org\/{rel}","templated":true}]}}