{"id":17162,"date":"2024-09-05T14:21:11","date_gmt":"2024-09-05T17:21:11","guid":{"rendered":"https:\/\/blogs.correiobraziliense.com.br\/capital-sa\/?p=17162"},"modified":"2024-09-05T17:34:25","modified_gmt":"2024-09-05T20:34:25","slug":"petrobras-volta-a-patrocinar-cena-contemporanea-em-brasilia","status":"publish","type":"post","link":"https:\/\/blogs.correiobraziliense.com.br\/capital-sa\/2024\/09\/05\/petrobras-volta-a-patrocinar-cena-contemporanea-em-brasilia\/","title":{"rendered":"Petrobras volta a patrocinar Cena Contempor\u00e2nea em Bras\u00edlia"},"content":{"rendered":"<p><em>Programa\u00e7\u00e3o ser\u00e1 de 5 a 17 de novembro, em v\u00e1rios espa\u00e7os de Bras\u00edlia e nos teatros do Sesc de Taguatinga e de Ceil\u00e2ndia<\/em><\/p>\n<p class=\"p1\"><strong>Por Samanta Sallum<\/strong><\/p>\n<p class=\"p1\"><span class=\"s1\">Em 2024, a Petrobras volta a patrocinar o Cena Contempor\u00e2nea, um dos mais importantes festivais internacionais de teatro do pa\u00eds e o maior da regi\u00e3o central do Brasil. Em sua 25\u00aa edi\u00e7\u00e3o, ter\u00e1, entre outros 20 espet\u00e1culos, o aclamado Othon Bastos, aos 91 anos, no mon\u00f3logo \u201cN\u00e3o me entrego, n\u00e3o!\u201d.<br \/>\n<\/span><\/p>\n<p class=\"p1\"><span class=\"s1\">Totalmente produzido em Bras\u00edlia, gerando centenas de postos de trabalho, o Cena Contempor\u00e2nea movimenta a economia local, com a contrata\u00e7\u00e3o de uma grande equipe de profissionais de v\u00e1rias \u00e1reas e servi\u00e7os de diversos setores, como\u00a0hotelaria, restaurantes, transportes, ilumina\u00e7\u00e3o, sonoriza\u00e7\u00e3o, m\u00eddia, seguran\u00e7a, limpeza, entre outros. E ainda injeta inven\u00e7\u00e3o e conhecimento nos palcos do DF, com um elenco de espet\u00e1culos internacionais, nacionais e locais, apresentados a pre\u00e7os populares.\u00a0<\/span><\/p>\n<p class=\"p1\">O Cena ser\u00e1 de 5 a 17 de novembro, acontecendo em v\u00e1rios espa\u00e7os de Bras\u00edlia e nos teatros do Sesc de Taguatinga e Ceil\u00e2ndia. O projeto \u00e9 apresentado pelo Minist\u00e9rio da Cultura e pela Petrobras, e o patroc\u00ednio integra o Programa Petrobras Cultural e \u00e9 realizado por meio da Lei Federal de Incentivo \u00e0 Cultura (Lei Rouanet).<\/p>\n","protected":false},"excerpt":{"rendered":"<p>Programa\u00e7\u00e3o ser\u00e1 de 5 a 17 de novembro, em v\u00e1rios espa\u00e7os de Bras\u00edlia e nos teatros do Sesc de Taguatinga e de Ceil\u00e2ndia Por Samanta Sallum Em 2024, a Petrobras volta a patrocinar o Cena Contempor\u00e2nea, um dos mais importantes festivais internacionais de teatro do pa\u00eds e o maior da regi\u00e3o central do Brasil. Em sua 25\u00aa edi\u00e7\u00e3o, ter\u00e1, entre [&hellip;]<\/p>\n","protected":false},"author":125,"featured_media":17166,"comment_status":"open","ping_status":"open","sticky":false,"template":"","format":"standard","meta":{"footnotes":""},"categories":[1],"tags":[181,2413,574,130,2417,2418,2416,2415,2055,352,2419,2414,459],"class_list":["post-17162","post","type-post","status-publish","format-standard","has-post-thumbnail","hentry","category-sem-categoria","tag-arte","tag-cenacontemporanea","tag-cultura","tag-festival","tag-leirouanet","tag-ministeriodacultura","tag-naomeentregonao","tag-othonbastos","tag-patrocinio","tag-petrobras","tag-petrobrascultural","tag-sesc-df","tag-teatro"],"_links":{"self":[{"href":"https:\/\/blogs.correiobraziliense.com.br\/capital-sa\/wp-json\/wp\/v2\/posts\/17162","targetHints":{"allow":["GET"]}}],"collection":[{"href":"https:\/\/blogs.correiobraziliense.com.br\/capital-sa\/wp-json\/wp\/v2\/posts"}],"about":[{"href":"https:\/\/blogs.correiobraziliense.com.br\/capital-sa\/wp-json\/wp\/v2\/types\/post"}],"author":[{"embeddable":true,"href":"https:\/\/blogs.correiobraziliense.com.br\/capital-sa\/wp-json\/wp\/v2\/users\/125"}],"replies":[{"embeddable":true,"href":"https:\/\/blogs.correiobraziliense.com.br\/capital-sa\/wp-json\/wp\/v2\/comments?post=17162"}],"version-history":[{"count":5,"href":"https:\/\/blogs.correiobraziliense.com.br\/capital-sa\/wp-json\/wp\/v2\/posts\/17162\/revisions"}],"predecessor-version":[{"id":17175,"href":"https:\/\/blogs.correiobraziliense.com.br\/capital-sa\/wp-json\/wp\/v2\/posts\/17162\/revisions\/17175"}],"wp:featuredmedia":[{"embeddable":true,"href":"https:\/\/blogs.correiobraziliense.com.br\/capital-sa\/wp-json\/wp\/v2\/media\/17166"}],"wp:attachment":[{"href":"https:\/\/blogs.correiobraziliense.com.br\/capital-sa\/wp-json\/wp\/v2\/media?parent=17162"}],"wp:term":[{"taxonomy":"category","embeddable":true,"href":"https:\/\/blogs.correiobraziliense.com.br\/capital-sa\/wp-json\/wp\/v2\/categories?post=17162"},{"taxonomy":"post_tag","embeddable":true,"href":"https:\/\/blogs.correiobraziliense.com.br\/capital-sa\/wp-json\/wp\/v2\/tags?post=17162"}],"curies":[{"name":"wp","href":"https:\/\/api.w.org\/{rel}","templated":true}]}}