{"id":17137,"date":"2024-09-03T15:08:56","date_gmt":"2024-09-03T18:08:56","guid":{"rendered":"https:\/\/blogs.correiobraziliense.com.br\/capital-sa\/?p=17137"},"modified":"2024-09-04T00:42:08","modified_gmt":"2024-09-04T03:42:08","slug":"marconi-perillo-afirmou-que-nao-seremos-partido-de-aluguel-conta-avelar","status":"publish","type":"post","link":"https:\/\/blogs.correiobraziliense.com.br\/capital-sa\/2024\/09\/03\/marconi-perillo-afirmou-que-nao-seremos-partido-de-aluguel-conta-avelar\/","title":{"rendered":"\u201cMarconi Perillo afirmou que n\u00e3o seremos partido de aluguel\u201d, conta Avelar"},"content":{"rendered":"<p class=\"p2\"><em>Secret\u00e1rio de Seguran\u00e7a do DF assume a presid\u00eancia regional do PSDB depois de interven\u00e7\u00e3o da Executiva nacional<\/em><\/p>\n<p class=\"p2\"><strong><span class=\"s1\">Por Samanta Sallum <\/span><\/strong><\/p>\n<p class=\"p2\"><span class=\"s1\">A sa\u00edda do senador Izalci Lucas do PSDB para o PL, deixando seu filho no comando do ninho tucano no DF, incomodou muito a dire\u00e7\u00e3o nacional do partido. O presidente da legenda, Marconi Perillo, determinou uma interven\u00e7\u00e3o. Escolheu Sandro Avelar, atual secret\u00e1rio de Seguran\u00e7a P\u00fablica do DF, para assumir a\u00a0<\/span><span class=\"s1\">lideran\u00e7a local. E Maria de Lourdes Abadia, a vice-presid\u00eancia. <\/span><\/p>\n<p class=\"p2\"><span class=\"s1\">\u201cO nosso presidente nacional disse que o PSDB n\u00e3o ser\u00e1 partido de aluguel de ningu\u00e9m. O senador Izalci que tem de explicar os motivos que o levaram a deixar nosso partido\u201d, afirmou Avelar hoje, durante o programa CB Poder, ao ser perguntado sobre o motivo da interven\u00e7\u00e3o.<\/span><\/p>\n<p class=\"p2\"><span class=\"s1\">A Executiva nacional n\u00e3o gostou, depois de investir na campanha de Izalci para senador e depois para governador do DF, de perder a cadeira no Senado para o PL. Os tucanos se indignaram com a manobra de Izalci de \u201cficar com o p\u00e9 em duas canoas\u201d. Foi para o PL, querendo manter o controle no PSDB\/DF.<\/span><\/p>\n<p class=\"p2\"><span class=\"s1\">Sandro Avelar afirmou que a miss\u00e3o agora \u00e9 fazer o partido crescer no DF. \u201cSomos um partido equilibrado. De centro, mas n\u00e3o aquele fisiol\u00f3gico. Somos uma terceira via\u201d, apontou. Mas frisou a sintonia com Ibaneis Rocha (MDB) e Celina Le\u00e3o (PP). \u00a0\u201cSou leal acima de tudo ao meu compromisso agora de ser secret\u00e1rio da pasta e trabalhar para o Distrito Federal ter a melhor seguran\u00e7a p\u00fablica do pa\u00eds.\u201d<\/span><\/p>\n<p class=\"p2\">Avelar celebrou o resultado do balan\u00e7o da criminalidade no DF de janeiro a agosto 2023\/2024. Os Homic\u00eddios tiveram Redu\u00e7\u00e3o de 13,2% &#8211; de 151 para 131 v\u00edtimas.<\/p>\n","protected":false},"excerpt":{"rendered":"<p>Secret\u00e1rio de Seguran\u00e7a do DF assume a presid\u00eancia regional do PSDB depois de interven\u00e7\u00e3o da Executiva nacional Por Samanta Sallum A sa\u00edda do senador Izalci Lucas do PSDB para o PL, deixando seu filho no comando do ninho tucano no DF, incomodou muito a dire\u00e7\u00e3o nacional do partido. O presidente da legenda, Marconi Perillo, determinou uma interven\u00e7\u00e3o. Escolheu Sandro Avelar, [&hellip;]<\/p>\n","protected":false},"author":125,"featured_media":17140,"comment_status":"open","ping_status":"open","sticky":false,"template":"","format":"standard","meta":{"footnotes":""},"categories":[1],"tags":[2146,2404,1429,2322,2405,492],"class_list":["post-17137","post","type-post","status-publish","format-standard","has-post-thumbnail","hentry","category-sem-categoria","tag-izalcilucas","tag-marconiperillo","tag-pl","tag-politica","tag-psdb","tag-senado"],"_links":{"self":[{"href":"https:\/\/blogs.correiobraziliense.com.br\/capital-sa\/wp-json\/wp\/v2\/posts\/17137","targetHints":{"allow":["GET"]}}],"collection":[{"href":"https:\/\/blogs.correiobraziliense.com.br\/capital-sa\/wp-json\/wp\/v2\/posts"}],"about":[{"href":"https:\/\/blogs.correiobraziliense.com.br\/capital-sa\/wp-json\/wp\/v2\/types\/post"}],"author":[{"embeddable":true,"href":"https:\/\/blogs.correiobraziliense.com.br\/capital-sa\/wp-json\/wp\/v2\/users\/125"}],"replies":[{"embeddable":true,"href":"https:\/\/blogs.correiobraziliense.com.br\/capital-sa\/wp-json\/wp\/v2\/comments?post=17137"}],"version-history":[{"count":8,"href":"https:\/\/blogs.correiobraziliense.com.br\/capital-sa\/wp-json\/wp\/v2\/posts\/17137\/revisions"}],"predecessor-version":[{"id":17147,"href":"https:\/\/blogs.correiobraziliense.com.br\/capital-sa\/wp-json\/wp\/v2\/posts\/17137\/revisions\/17147"}],"wp:featuredmedia":[{"embeddable":true,"href":"https:\/\/blogs.correiobraziliense.com.br\/capital-sa\/wp-json\/wp\/v2\/media\/17140"}],"wp:attachment":[{"href":"https:\/\/blogs.correiobraziliense.com.br\/capital-sa\/wp-json\/wp\/v2\/media?parent=17137"}],"wp:term":[{"taxonomy":"category","embeddable":true,"href":"https:\/\/blogs.correiobraziliense.com.br\/capital-sa\/wp-json\/wp\/v2\/categories?post=17137"},{"taxonomy":"post_tag","embeddable":true,"href":"https:\/\/blogs.correiobraziliense.com.br\/capital-sa\/wp-json\/wp\/v2\/tags?post=17137"}],"curies":[{"name":"wp","href":"https:\/\/api.w.org\/{rel}","templated":true}]}}