{"id":1713,"date":"2021-02-04T10:24:51","date_gmt":"2021-02-04T13:24:51","guid":{"rendered":"https:\/\/blogs.correiobraziliense.com.br\/capital-sa\/?p=1713"},"modified":"2021-02-04T10:26:51","modified_gmt":"2021-02-04T13:26:51","slug":"a-forca-feminina-no-empreendedorismo","status":"publish","type":"post","link":"https:\/\/blogs.correiobraziliense.com.br\/capital-sa\/2021\/02\/04\/a-forca-feminina-no-empreendedorismo\/","title":{"rendered":"A for\u00e7a feminina para empreender"},"content":{"rendered":"<p>As mulheres s\u00e3o respons\u00e1veis por 36% do total de empreendimentos no Distrito Federal, segundo o Sebrae. Ao todo, s\u00e3o 121 mil donas de neg\u00f3cios e cerca de 102 mil trabalham por conta pr\u00f3pria. Para ajudar ainda mais o empreendedorismo feminino,\u00a0a BPW Bras\u00edlia-DF (Associa\u00e7\u00e3o de Mulheres de Neg\u00f3cios e Profissionais de Bras\u00edlia-DF)\u00a0realizar\u00e1 com o Instituto Idheas Brasil o\u00a0Semin\u00e1rio Mulheres Antenadas na Era \u201cFigital\u2019\u2019: Novas Tecnologias, Empoderamento e Inclus\u00e3o Social e Digital.<\/p>\n<p>&nbsp;<\/p>\n<p>O evento, que tem apoio do Sindivarejista e da Setur, ser\u00e1 promovido de\u00a02 a <a href=\"\/\/0\">26 de fevereiro<\/a>. Contar\u00e1 com palestras, oficinas, mesas-redondas e desfiles\u00a0no Restaurante Mayer Sabores do Brasil, na 116 Sul. Tudo de acordo com a nova realidade, respeitando todos os protocolos de distanciamento e enfrentamento da Covid-19. A maior parte da programa\u00e7\u00e3o ser\u00e1 transmitida pelo YouTube. Por isso, ser\u00e1 no formato \u201cfisiodigital\u201d, uma combina\u00e7\u00e3o de a\u00e7\u00f5es presenciais e virtuais.<\/p>\n<p>&nbsp;<\/p>\n<p>O semin\u00e1rio vai gerar emprego e renda a fornecedores e prestadores de servi\u00e7o envolvidos. Ser\u00e3o abertos 200 postos de trabalho. \u201cEstou muito feliz e honrada em abrigar este evento que vai apoiar tantas mulheres\u201d, diz a chef e empres\u00e1ria Keli Mayer.<\/p>\n<p>&nbsp;<\/p>\n<p><strong>Banco Mundial e Unesco<\/strong><\/p>\n<p>&nbsp;<\/p>\n<p>Est\u00e1 confirmada a participa\u00e7\u00e3o de representantes do Legislativo, GDF, governo federal, OIT, Banco Mundial e Unesco; e de empresas locais, como Ferragens Pinheiro, Grupo Perboni, Grupo Exame, Bras\u00edlia Trends Fashion Week, Capital Moto Week; al\u00e9m de associa\u00e7\u00f5es de artes\u00e3s e pessoas com defici\u00eancia.<\/p>\n<p>&nbsp;<\/p>\n<p><strong>Rede de apoio<\/strong><\/p>\n<p>&nbsp;<\/p>\n<blockquote><p>\u201cMesmo diante desse cen\u00e1rio de pandemia, n\u00e3o podemos parar. \u00c9 importante incentivar a mulher de neg\u00f3cios a ter consci\u00eancia da necessidade de se aprimorar, para melhor gerir sua vida. E tamb\u00e9m para a gente contribuir com a carreira de jovens empreendedoras\u201d, ressalta Bernardeth Martins, p<a href=\"\/\/1\">residente<\/a> da BPW Bras\u00edlia-DF.<\/p><\/blockquote>\n<p>&nbsp;<\/p>\n<p>Ela afirma que a independ\u00eancia financeira \u00e9 uma forte aliada da mulher. \u201c\u00c9 o que dar\u00e1 for\u00e7a para sair da viol\u00eancia e das garras de um companheiro agressor. Da\u00ed a necessidade da capacita\u00e7\u00e3o e do conhecimento.\u201d<\/p>\n<p>&nbsp;<\/p>\n<p><strong>Artesanato e inclus\u00e3o<\/strong><\/p>\n<p>&nbsp;<\/p>\n<p>O DF tem,aproximadamente, 13 mil artes\u00e3os, segundo o Sistema de Informa\u00e7\u00f5es Cadastrais do Artesanato. Desses, 87% s\u00e3o mulheres e 70% t\u00eam mais de 40 anos de idade.<\/p>\n<p>&nbsp;<\/p>\n<p>Com a pandemia, elas precisam incorporar o trabalho ao ambiente digital, mas muitas ainda t\u00eam dificuldades. Diante dessa nova realidade, a Escola de Moda Fashion Campus vai qualificar 30 artes\u00e3s.<\/p>\n","protected":false},"excerpt":{"rendered":"<p>As mulheres s\u00e3o respons\u00e1veis por 36% do total de empreendimentos no Distrito Federal, segundo o Sebrae. Ao todo, s\u00e3o 121 mil donas de neg\u00f3cios e cerca de 102 mil trabalham por conta pr\u00f3pria. Para ajudar ainda mais o empreendedorismo feminino,\u00a0a BPW Bras\u00edlia-DF (Associa\u00e7\u00e3o de Mulheres de Neg\u00f3cios e Profissionais de Bras\u00edlia-DF)\u00a0realizar\u00e1 com o Instituto Idheas Brasil o\u00a0Semin\u00e1rio Mulheres Antenadas na [&hellip;]<\/p>\n","protected":false},"author":125,"featured_media":1717,"comment_status":"open","ping_status":"open","sticky":false,"template":"","format":"standard","meta":{"footnotes":""},"categories":[1],"tags":[],"class_list":["post-1713","post","type-post","status-publish","format-standard","has-post-thumbnail","hentry","category-sem-categoria"],"_links":{"self":[{"href":"https:\/\/blogs.correiobraziliense.com.br\/capital-sa\/wp-json\/wp\/v2\/posts\/1713","targetHints":{"allow":["GET"]}}],"collection":[{"href":"https:\/\/blogs.correiobraziliense.com.br\/capital-sa\/wp-json\/wp\/v2\/posts"}],"about":[{"href":"https:\/\/blogs.correiobraziliense.com.br\/capital-sa\/wp-json\/wp\/v2\/types\/post"}],"author":[{"embeddable":true,"href":"https:\/\/blogs.correiobraziliense.com.br\/capital-sa\/wp-json\/wp\/v2\/users\/125"}],"replies":[{"embeddable":true,"href":"https:\/\/blogs.correiobraziliense.com.br\/capital-sa\/wp-json\/wp\/v2\/comments?post=1713"}],"version-history":[{"count":4,"href":"https:\/\/blogs.correiobraziliense.com.br\/capital-sa\/wp-json\/wp\/v2\/posts\/1713\/revisions"}],"predecessor-version":[{"id":1720,"href":"https:\/\/blogs.correiobraziliense.com.br\/capital-sa\/wp-json\/wp\/v2\/posts\/1713\/revisions\/1720"}],"wp:featuredmedia":[{"embeddable":true,"href":"https:\/\/blogs.correiobraziliense.com.br\/capital-sa\/wp-json\/wp\/v2\/media\/1717"}],"wp:attachment":[{"href":"https:\/\/blogs.correiobraziliense.com.br\/capital-sa\/wp-json\/wp\/v2\/media?parent=1713"}],"wp:term":[{"taxonomy":"category","embeddable":true,"href":"https:\/\/blogs.correiobraziliense.com.br\/capital-sa\/wp-json\/wp\/v2\/categories?post=1713"},{"taxonomy":"post_tag","embeddable":true,"href":"https:\/\/blogs.correiobraziliense.com.br\/capital-sa\/wp-json\/wp\/v2\/tags?post=1713"}],"curies":[{"name":"wp","href":"https:\/\/api.w.org\/{rel}","templated":true}]}}