{"id":17119,"date":"2024-09-02T17:07:29","date_gmt":"2024-09-02T20:07:29","guid":{"rendered":"https:\/\/blogs.correiobraziliense.com.br\/capital-sa\/?p=17119"},"modified":"2024-09-02T18:05:52","modified_gmt":"2024-09-02T21:05:52","slug":"setor-industrial-reage-a-sanha-arrecadatoria-do-governo-federal","status":"publish","type":"post","link":"https:\/\/blogs.correiobraziliense.com.br\/capital-sa\/2024\/09\/02\/setor-industrial-reage-a-sanha-arrecadatoria-do-governo-federal\/","title":{"rendered":"Setor industrial reage \u00e0 \u201csanha arrecadat\u00f3ria\u201d do governo federal"},"content":{"rendered":"<p style=\"padding-left: 30px\"><em>Rea\u00e7\u00e3o vem depois de Minist\u00e9rio da Fazenda defender aumento de al\u00edquotas da Contribui\u00e7\u00e3o Social sobre Lucro L\u00edquido (CSLL) e do Imposto de Renda Retido na Fonte (IRRF) sobre Juros sobre Capital Pr\u00f3prio (JCP)<\/em><\/p>\n<p><strong>Por Samanta Sallum\u00a0<\/strong><\/p>\n<p class=\"p1\"><span class=\"s1\">A Confedera\u00e7\u00e3o Nacional da Ind\u00fastria (CNI) e as Associa\u00e7\u00f5es Setoriais da Ind\u00fastria, reunidas na sexta-feira passada, decidiram se posicionar \u201c terminantemente contra o novo aumento de carga tribut\u00e1ria\u201d\u00a0<\/span>proposto pelo PL 3.394\/2024, enviado pelo Governo Federal ao Congresso Nacional naquele mesmo dia.<\/p>\n<p class=\"p1\">\u201cO setor produtivo ir\u00e1 trabalhar para, definitivamente, frear a sanha arrecadat\u00f3ria pela qual o pa\u00eds passa recentemente. \u00c9 preciso entender, de uma vez por todas, que todo o aumento de carga tribut\u00e1ria recente acaba retirando competitividade do setor produtivo nacional e, em alguma medida, sendo repassado \u00e0 popula\u00e7\u00e3o\u201d, frisa o posicionamento das entidades.<\/p>\n<p class=\"p1\"><span class=\"s1\">A rea\u00e7\u00e3o \u00e9 contra o aumento da al\u00edquota de Contribui\u00e7\u00e3o Social sobre Lucro L\u00edquido (CSLL) e da al\u00edquota do Imposto de Renda Retido na Fonte (IRRF) sobre Juros sobre Capital Pr\u00f3prio (JCP), proposto pelo projeto.<\/span><\/p>\n<p class=\"p1\"><span class=\"s1\">Em rela\u00e7\u00e3o \u00e0 CSLL, a medida representa aumento de tributa\u00e7\u00e3o para as empresas de R$ 14,93 bilh\u00f5es, em 2025, e R$ 1,35 bilh\u00e3o, em 2026. No que se refere ao JCP, a medida leva ao aumento na tributa\u00e7\u00e3o das empresas de R$ 6,01 bilh\u00f5es, em 2025, R$ 4,99 bilh\u00f5es, em 2026, e R$ 5,28 bilh\u00f5es, em 2027. Isso com base em previs\u00e3o do governo federal.<\/span><\/p>\n","protected":false},"excerpt":{"rendered":"<p>Rea\u00e7\u00e3o vem depois de Minist\u00e9rio da Fazenda defender aumento de al\u00edquotas da Contribui\u00e7\u00e3o Social sobre Lucro L\u00edquido (CSLL) e do Imposto de Renda Retido na Fonte (IRRF) sobre Juros sobre Capital Pr\u00f3prio (JCP) Por Samanta Sallum\u00a0 A Confedera\u00e7\u00e3o Nacional da Ind\u00fastria (CNI) e as Associa\u00e7\u00f5es Setoriais da Ind\u00fastria, reunidas na sexta-feira passada, decidiram se posicionar \u201c terminantemente contra o novo [&hellip;]<\/p>\n","protected":false},"author":125,"featured_media":17131,"comment_status":"open","ping_status":"open","sticky":false,"template":"","format":"standard","meta":{"footnotes":""},"categories":[6],"tags":[1908,254,2401,276,2207,2402,2403,64,60],"class_list":["post-17119","post","type-post","status-publish","format-standard","has-post-thumbnail","hentry","category-coluna-capital-s-a","tag-cargatributaria","tag-congressonacional","tag-csll","tag-economia","tag-governofederal","tag-irrf","tag-jcp","tag-cni","tag-industria"],"_links":{"self":[{"href":"https:\/\/blogs.correiobraziliense.com.br\/capital-sa\/wp-json\/wp\/v2\/posts\/17119","targetHints":{"allow":["GET"]}}],"collection":[{"href":"https:\/\/blogs.correiobraziliense.com.br\/capital-sa\/wp-json\/wp\/v2\/posts"}],"about":[{"href":"https:\/\/blogs.correiobraziliense.com.br\/capital-sa\/wp-json\/wp\/v2\/types\/post"}],"author":[{"embeddable":true,"href":"https:\/\/blogs.correiobraziliense.com.br\/capital-sa\/wp-json\/wp\/v2\/users\/125"}],"replies":[{"embeddable":true,"href":"https:\/\/blogs.correiobraziliense.com.br\/capital-sa\/wp-json\/wp\/v2\/comments?post=17119"}],"version-history":[{"count":13,"href":"https:\/\/blogs.correiobraziliense.com.br\/capital-sa\/wp-json\/wp\/v2\/posts\/17119\/revisions"}],"predecessor-version":[{"id":17136,"href":"https:\/\/blogs.correiobraziliense.com.br\/capital-sa\/wp-json\/wp\/v2\/posts\/17119\/revisions\/17136"}],"wp:featuredmedia":[{"embeddable":true,"href":"https:\/\/blogs.correiobraziliense.com.br\/capital-sa\/wp-json\/wp\/v2\/media\/17131"}],"wp:attachment":[{"href":"https:\/\/blogs.correiobraziliense.com.br\/capital-sa\/wp-json\/wp\/v2\/media?parent=17119"}],"wp:term":[{"taxonomy":"category","embeddable":true,"href":"https:\/\/blogs.correiobraziliense.com.br\/capital-sa\/wp-json\/wp\/v2\/categories?post=17119"},{"taxonomy":"post_tag","embeddable":true,"href":"https:\/\/blogs.correiobraziliense.com.br\/capital-sa\/wp-json\/wp\/v2\/tags?post=17119"}],"curies":[{"name":"wp","href":"https:\/\/api.w.org\/{rel}","templated":true}]}}