{"id":17113,"date":"2024-09-02T15:11:24","date_gmt":"2024-09-02T18:11:24","guid":{"rendered":"https:\/\/blogs.correiobraziliense.com.br\/capital-sa\/?p=17113"},"modified":"2024-09-02T17:48:58","modified_gmt":"2024-09-02T20:48:58","slug":"ministro-wellington-dias-vai-a-taguatinga-conhecer-ciee","status":"publish","type":"post","link":"https:\/\/blogs.correiobraziliense.com.br\/capital-sa\/2024\/09\/02\/ministro-wellington-dias-vai-a-taguatinga-conhecer-ciee\/","title":{"rendered":"Ministro Wellington Dias vai a Taguatinga conhecer CIEE"},"content":{"rendered":"<p><strong>Por Samanta Sallum\u00a0<\/strong><\/p>\n<p class=\"p1\"><span class=\"s1\">O Espa\u00e7o de Cidadania do Centro de Integra\u00e7\u00e3o Empresa-Escola &#8211; CIEE, em Taguatinga, recebeu a visita do ministro de Desenvolvimento e Assist\u00eancia Social, Fam\u00edlia e Combate \u00e0 Fome, Wellington Dias. O servi\u00e7o de conviv\u00eancia e fortalecimento de v\u00ednculos contribui para a perman\u00eancia de jovens na escola e na forma\u00e7\u00e3o para o mundo do trabalho.<br \/>\n<\/span><\/p>\n<p class=\"p1\"><span class=\"s1\">Na ocasi\u00e3o, o ministro teve oportunidade de conhecer as a\u00e7\u00f5es da iniciativa, assim como os conviventes &#8211; encaminhados prioritariamente pela rede socioassistencial, incluindo Centro de Refer\u00eancia de Assist\u00eancia Social (CRAS) e Centros de Refer\u00eancia Especializados de Assist\u00eancia Social (CREAS).<br \/>\n<\/span><\/p>\n<p class=\"p1\"><span class=\"s1\">\u201cEu pude ver aqui hist\u00f3rias de vit\u00f3rias de pessoas que sa\u00edram de uma situa\u00e7\u00e3o de vulnerabilidade e hoje est\u00e3o em um emprego e estudando\u201d , comentou Dias.<\/span><\/p>\n<p class=\"p1\"><strong><span class=\"s1\"> Integra\u00e7\u00e3o Empresa-Escola<\/span><\/strong><\/p>\n<p class=\"p1\"><span class=\"s1\">O Espa\u00e7o de Cidadania do CIEE possui unidades no Distrito Federal, Salvador (BA), Manaus (AM) e duas na cidade de S\u00e3o Paulo. Desde sua cria\u00e7\u00e3o, em 2017, o projeto j\u00e1 atendeu mais de 5 mil jovens, preparando-os para enfrentar os desafios do futuro.<br \/>\n<\/span><\/p>\n<p class=\"p1\"><span class=\"s1\">O Centro de Integra\u00e7\u00e3o Empresa-Escola &#8211; CIEE, maior ONG de inclus\u00e3o social e empregabilidade jovem da Am\u00e9rica Latina, se dedica \u00e0 capacita\u00e7\u00e3o profissional de adolescentes.<br \/>\n<\/span><\/p>\n<p class=\"p1\"><span class=\"s1\">De acordo com a superintendente de A\u00e7\u00e3o Social e Filantropia do CIEE, Maria Nilce Mota, o compromisso com a juventude \u00e9 o pilar fundamental. \u201cN\u00f3s ressignificamos as vidas de v\u00e1rios jovens da regi\u00e3o, que aqui encontraram um grande incentivo e acolhimento\u201d, explicou. <\/span><\/p>\n","protected":false},"excerpt":{"rendered":"<p>Por Samanta Sallum\u00a0 O Espa\u00e7o de Cidadania do Centro de Integra\u00e7\u00e3o Empresa-Escola &#8211; CIEE, em Taguatinga, recebeu a visita do ministro de Desenvolvimento e Assist\u00eancia Social, Fam\u00edlia e Combate \u00e0 Fome, Wellington Dias. O servi\u00e7o de conviv\u00eancia e fortalecimento de v\u00ednculos contribui para a perman\u00eancia de jovens na escola e na forma\u00e7\u00e3o para o mundo do trabalho. Na ocasi\u00e3o, o [&hellip;]<\/p>\n","protected":false},"author":125,"featured_media":17118,"comment_status":"open","ping_status":"open","sticky":false,"template":"","format":"standard","meta":{"footnotes":""},"categories":[6],"tags":[2397,2398,2399,962,144,2400,2396],"class_list":["post-17113","post","type-post","status-publish","format-standard","has-post-thumbnail","hentry","category-coluna-capital-s-a","tag-ciee","tag-cras","tag-creas","tag-desenvolvimento","tag-empregabilidade","tag-inclusaosocial","tag-wellingtondias"],"_links":{"self":[{"href":"https:\/\/blogs.correiobraziliense.com.br\/capital-sa\/wp-json\/wp\/v2\/posts\/17113","targetHints":{"allow":["GET"]}}],"collection":[{"href":"https:\/\/blogs.correiobraziliense.com.br\/capital-sa\/wp-json\/wp\/v2\/posts"}],"about":[{"href":"https:\/\/blogs.correiobraziliense.com.br\/capital-sa\/wp-json\/wp\/v2\/types\/post"}],"author":[{"embeddable":true,"href":"https:\/\/blogs.correiobraziliense.com.br\/capital-sa\/wp-json\/wp\/v2\/users\/125"}],"replies":[{"embeddable":true,"href":"https:\/\/blogs.correiobraziliense.com.br\/capital-sa\/wp-json\/wp\/v2\/comments?post=17113"}],"version-history":[{"count":6,"href":"https:\/\/blogs.correiobraziliense.com.br\/capital-sa\/wp-json\/wp\/v2\/posts\/17113\/revisions"}],"predecessor-version":[{"id":17134,"href":"https:\/\/blogs.correiobraziliense.com.br\/capital-sa\/wp-json\/wp\/v2\/posts\/17113\/revisions\/17134"}],"wp:featuredmedia":[{"embeddable":true,"href":"https:\/\/blogs.correiobraziliense.com.br\/capital-sa\/wp-json\/wp\/v2\/media\/17118"}],"wp:attachment":[{"href":"https:\/\/blogs.correiobraziliense.com.br\/capital-sa\/wp-json\/wp\/v2\/media?parent=17113"}],"wp:term":[{"taxonomy":"category","embeddable":true,"href":"https:\/\/blogs.correiobraziliense.com.br\/capital-sa\/wp-json\/wp\/v2\/categories?post=17113"},{"taxonomy":"post_tag","embeddable":true,"href":"https:\/\/blogs.correiobraziliense.com.br\/capital-sa\/wp-json\/wp\/v2\/tags?post=17113"}],"curies":[{"name":"wp","href":"https:\/\/api.w.org\/{rel}","templated":true}]}}