{"id":17099,"date":"2024-08-29T17:16:25","date_gmt":"2024-08-29T20:16:25","guid":{"rendered":"https:\/\/blogs.correiobraziliense.com.br\/capital-sa\/?p=17099"},"modified":"2024-08-30T08:11:44","modified_gmt":"2024-08-30T11:11:44","slug":"presidente-do-sebrae-celebra-indicacao-de-galipolo-para-bc-lampejos-de-equilibrio","status":"publish","type":"post","link":"https:\/\/blogs.correiobraziliense.com.br\/capital-sa\/2024\/08\/29\/presidente-do-sebrae-celebra-indicacao-de-galipolo-para-bc-lampejos-de-equilibrio\/","title":{"rendered":"Presidente do Sebrae celebra indica\u00e7\u00e3o de Gal\u00edpolo para BC: \u201clampejos de equil\u00edbrio\u201d"},"content":{"rendered":"<p class=\"p1\"><strong>Por Samanta Sallum\u00a0<\/strong><\/p>\n<p class=\"p1\"><span class=\"s1\">O presidente Lula indicou o economista Gabriel Gal\u00edpolo (foto), de 42 anos, para a presid\u00eancia do Banco Central (BC). O an\u00fancio foi feito ontem pelo ministro da Fazenda, Fernando Haddad, no Pal\u00e1cio do Planalto. Gal\u00edpolo j\u00e1 integra a Diretoria de Pol\u00edtica Monet\u00e1ria do BC e tinha seu nome como um dos mais fortes candidatos. O presidente nacional do Sebrae, D\u00e9cio Lima, repercutiu a not\u00edcia, afirmando que o presidente Lula acertou na indica\u00e7\u00e3o.<\/span><span class=\"s2\"><br \/>\n<\/span><\/p>\n<p class=\"p1\"><span class=\"s2\">\u201cGal\u00edpolo nos traz lampejos de equil\u00edbrio para que a taxa Selic seja justa com o povo brasileiro, para que o Banco Central tenha uma sinergia com o crescimento econ\u00f4mico do nosso pa\u00eds e uma responsabilidade sobretudo com aqueles que precisam acessar ao cr\u00e9dito.\u201d<br \/>\n<\/span><\/p>\n<p class=\"p1\"><strong>Pouco acesso ao cr\u00e9dito<\/strong><\/p>\n<p class=\"p1\"><span class=\"s1\">Apesar de a taxa b\u00e1sica de juros (Selic) estar atualmente no patamar de 10,5% ao ano, levantamentos do Sebrae indicam que a m\u00e9dia nacional da taxa de cr\u00e9dito para os microempreendedores individuais \u00e9 quatro vez superior (44%) \u2013 podendo chegar a 51% para os empres\u00e1rios do Nordeste. Entre as microempresas, a m\u00e9dia atual \u00e9 de 42,49%; j\u00e1 para as empresas de pequeno porte (EPP), ela fica em 31,54%.<\/span><\/p>\n","protected":false},"excerpt":{"rendered":"<p>Por Samanta Sallum\u00a0 O presidente Lula indicou o economista Gabriel Gal\u00edpolo (foto), de 42 anos, para a presid\u00eancia do Banco Central (BC). O an\u00fancio foi feito ontem pelo ministro da Fazenda, Fernando Haddad, no Pal\u00e1cio do Planalto. Gal\u00edpolo j\u00e1 integra a Diretoria de Pol\u00edtica Monet\u00e1ria do BC e tinha seu nome como um dos mais fortes candidatos. O presidente nacional [&hellip;]<\/p>\n","protected":false},"author":125,"featured_media":17102,"comment_status":"open","ping_status":"open","sticky":false,"template":"","format":"standard","meta":{"footnotes":""},"categories":[6],"tags":[1831,957,2210,2394,1165,2270,50],"class_list":["post-17099","post","type-post","status-publish","format-standard","has-post-thumbnail","hentry","category-coluna-capital-s-a","tag-bancocentral","tag-fazenda","tag-fernandohaddad","tag-galipolo","tag-lula","tag-selic","tag-sebrae"],"_links":{"self":[{"href":"https:\/\/blogs.correiobraziliense.com.br\/capital-sa\/wp-json\/wp\/v2\/posts\/17099","targetHints":{"allow":["GET"]}}],"collection":[{"href":"https:\/\/blogs.correiobraziliense.com.br\/capital-sa\/wp-json\/wp\/v2\/posts"}],"about":[{"href":"https:\/\/blogs.correiobraziliense.com.br\/capital-sa\/wp-json\/wp\/v2\/types\/post"}],"author":[{"embeddable":true,"href":"https:\/\/blogs.correiobraziliense.com.br\/capital-sa\/wp-json\/wp\/v2\/users\/125"}],"replies":[{"embeddable":true,"href":"https:\/\/blogs.correiobraziliense.com.br\/capital-sa\/wp-json\/wp\/v2\/comments?post=17099"}],"version-history":[{"count":3,"href":"https:\/\/blogs.correiobraziliense.com.br\/capital-sa\/wp-json\/wp\/v2\/posts\/17099\/revisions"}],"predecessor-version":[{"id":17103,"href":"https:\/\/blogs.correiobraziliense.com.br\/capital-sa\/wp-json\/wp\/v2\/posts\/17099\/revisions\/17103"}],"wp:featuredmedia":[{"embeddable":true,"href":"https:\/\/blogs.correiobraziliense.com.br\/capital-sa\/wp-json\/wp\/v2\/media\/17102"}],"wp:attachment":[{"href":"https:\/\/blogs.correiobraziliense.com.br\/capital-sa\/wp-json\/wp\/v2\/media?parent=17099"}],"wp:term":[{"taxonomy":"category","embeddable":true,"href":"https:\/\/blogs.correiobraziliense.com.br\/capital-sa\/wp-json\/wp\/v2\/categories?post=17099"},{"taxonomy":"post_tag","embeddable":true,"href":"https:\/\/blogs.correiobraziliense.com.br\/capital-sa\/wp-json\/wp\/v2\/tags?post=17099"}],"curies":[{"name":"wp","href":"https:\/\/api.w.org\/{rel}","templated":true}]}}