{"id":17079,"date":"2024-08-29T15:59:48","date_gmt":"2024-08-29T18:59:48","guid":{"rendered":"https:\/\/blogs.correiobraziliense.com.br\/capital-sa\/?p=17079"},"modified":"2024-08-30T07:59:22","modified_gmt":"2024-08-30T10:59:22","slug":"dilma-roussef-e-ceb-negociam-usina-solar-no-df-para-presidencia-da-republica","status":"publish","type":"post","link":"https:\/\/blogs.correiobraziliense.com.br\/capital-sa\/2024\/08\/29\/dilma-roussef-e-ceb-negociam-usina-solar-no-df-para-presidencia-da-republica\/","title":{"rendered":"Banco dos Brics vai financiar usina solar no DF para atender \u00f3rg\u00e3os p\u00fablicos"},"content":{"rendered":"<p><em>Banco dos Brics avan\u00e7a na\u00a0<\/em><em>parceria para financiar 94 milh\u00f5es de euros em\u00a0projeto na capital federal\u00a0<\/em><\/p>\n<p><strong>Por Samanta Sallum<\/strong><\/p>\n<p>O presidente da Companhia Energ\u00e9tica de Bras\u00edlia Ilumina\u00e7\u00e3o P\u00fablica (CEB Ipes), Edison Garcia, e a presidente do Banco dos Brics, Dilma Rousseff, est\u00e3o avan\u00e7ando nas tratativas do contrato de financiamento de cerca de 94 milh\u00f5es de euros para a constru\u00e7\u00e3o de usina fotovoltaica no DF. Com 100 a 120 megas de pot\u00eancia, ela fornecer\u00e1 energia \u00e0 presid\u00eancia da Rep\u00fablica, ao GDF e \u00e0 EBC.<\/p>\n<p>Os dois est\u00e3o em evento do Banco, na \u00c1frica do Sul, nesta semana. O nome do projeto \u00e9 <em>Bras\u00edlia &#8211; Capital da energia sola<\/em>r.\u00a0A energia produzida poder\u00e1 ser vendida para outros \u00f3rg\u00e3os p\u00fablicos federais e distritais na DF.<\/p>\n<p><strong>Compra de 120 mil lumin\u00e1rias<\/strong><\/p>\n<p>Em outra frente, a CEB finaliza, nesta semana, duas contrata\u00e7\u00f5es, com recursos pr\u00f3prios, que preveem a aquisi\u00e7\u00e3o de mais de 120 mil lumin\u00e1rias. Com essa iniciativa, a ilumina\u00e7\u00e3o p\u00fablica da capital federal chegar\u00e1 a 80% de lumin\u00e1rias de LED.<\/p>\n<p>A aquisi\u00e7\u00e3o foi realizada em dois processos distintos provenientes de ades\u00e3o de ata de registro de pre\u00e7os. Os contratos chegam ao valor de R$ 64 milh\u00f5es.<\/p>\n<p class=\"p1\">O primeiro contrato, em conclus\u00e3o nesta semana (fase de homologa\u00e7\u00e3o), contempla a compra de lumin\u00e1rias de LED em quatro lotes com pot\u00eancias de 40 watts a 240 watts. Esses equipamentos ser\u00e3o destinados \u00e0 moderniza\u00e7\u00e3o de diversas regi\u00f5es do DF.<\/p>\n<p class=\"p1\"><span class=\"s1\">O segundo contrato j\u00e1 foi celebrado e envolve a aquisi\u00e7\u00e3o lumin\u00e1rias de 150 watts, provenientes de uma ata de registro de pre\u00e7os que prev\u00ea a compra de at\u00e9 16 mil unidades. A primeira remessa dessas lumin\u00e1rias, cerca de 6 mil, est\u00e1 prevista para chegar nos pr\u00f3ximos 15 dias. A iniciativa faz parte do Programa Luz que Protege.<\/span><\/p>\n<p class=\"p1\"><em><span class=\"s1\">Prazo at\u00e9 2026 <\/span><\/em><\/p>\n<p class=\"p1\"><span class=\"s1\">Atualmente, o DF j\u00e1 conta com 135 mil l\u00e2mpadas de LED. Segundo a CEB, o objetivo \u00e9 que at\u00e9 2026 toda a ilumina\u00e7\u00e3o p\u00fablica seja composta por essa tecnologia, para oferecer<span class=\"Apple-converted-space\">\u00a0 <\/span>mais seguran\u00e7a e economia.<br \/>\n<\/span><\/p>\n<p class=\"p1\"><span class=\"s1\">&#8220;A CEB deu um importante passo na moderniza\u00e7\u00e3o da infraestrutura de ilumina\u00e7\u00e3o p\u00fablica do Distrito Federal ao finalizar o processo para aquisi\u00e7\u00e3o das<span class=\"Apple-converted-space\">\u00a0 <\/span>lumin\u00e1rias de LED.&#8221;, disse \u00e0 coluna o presidente da CEB, Edison Garcia, que est\u00e1 na \u00c1frica do Sul participando de um evento dos BRICs.<br \/>\n<\/span><\/p>\n","protected":false},"excerpt":{"rendered":"<p>Banco dos Brics avan\u00e7a na\u00a0parceria para financiar 94 milh\u00f5es de euros em\u00a0projeto na capital federal\u00a0 Por Samanta Sallum O presidente da Companhia Energ\u00e9tica de Bras\u00edlia Ilumina\u00e7\u00e3o P\u00fablica (CEB Ipes), Edison Garcia, e a presidente do Banco dos Brics, Dilma Rousseff, est\u00e3o avan\u00e7ando nas tratativas do contrato de financiamento de cerca de 94 milh\u00f5es de euros para a constru\u00e7\u00e3o de usina [&hellip;]<\/p>\n","protected":false},"author":125,"featured_media":17082,"comment_status":"open","ping_status":"open","sticky":false,"template":"","format":"standard","meta":{"footnotes":""},"categories":[6],"tags":[2259,107,2390,2392,2389,2393,203,2391],"class_list":["post-17079","post","type-post","status-publish","format-standard","has-post-thumbnail","hentry","category-coluna-capital-s-a","tag-brics","tag-ceb","tag-dilmarousseff","tag-ebc","tag-edsongarcia","tag-energiasolar","tag-gdf","tag-presidenciadarepublica"],"_links":{"self":[{"href":"https:\/\/blogs.correiobraziliense.com.br\/capital-sa\/wp-json\/wp\/v2\/posts\/17079","targetHints":{"allow":["GET"]}}],"collection":[{"href":"https:\/\/blogs.correiobraziliense.com.br\/capital-sa\/wp-json\/wp\/v2\/posts"}],"about":[{"href":"https:\/\/blogs.correiobraziliense.com.br\/capital-sa\/wp-json\/wp\/v2\/types\/post"}],"author":[{"embeddable":true,"href":"https:\/\/blogs.correiobraziliense.com.br\/capital-sa\/wp-json\/wp\/v2\/users\/125"}],"replies":[{"embeddable":true,"href":"https:\/\/blogs.correiobraziliense.com.br\/capital-sa\/wp-json\/wp\/v2\/comments?post=17079"}],"version-history":[{"count":18,"href":"https:\/\/blogs.correiobraziliense.com.br\/capital-sa\/wp-json\/wp\/v2\/posts\/17079\/revisions"}],"predecessor-version":[{"id":17098,"href":"https:\/\/blogs.correiobraziliense.com.br\/capital-sa\/wp-json\/wp\/v2\/posts\/17079\/revisions\/17098"}],"wp:featuredmedia":[{"embeddable":true,"href":"https:\/\/blogs.correiobraziliense.com.br\/capital-sa\/wp-json\/wp\/v2\/media\/17082"}],"wp:attachment":[{"href":"https:\/\/blogs.correiobraziliense.com.br\/capital-sa\/wp-json\/wp\/v2\/media?parent=17079"}],"wp:term":[{"taxonomy":"category","embeddable":true,"href":"https:\/\/blogs.correiobraziliense.com.br\/capital-sa\/wp-json\/wp\/v2\/categories?post=17079"},{"taxonomy":"post_tag","embeddable":true,"href":"https:\/\/blogs.correiobraziliense.com.br\/capital-sa\/wp-json\/wp\/v2\/tags?post=17079"}],"curies":[{"name":"wp","href":"https:\/\/api.w.org\/{rel}","templated":true}]}}