{"id":17059,"date":"2024-08-27T15:54:56","date_gmt":"2024-08-27T18:54:56","guid":{"rendered":"https:\/\/blogs.correiobraziliense.com.br\/capital-sa\/?p=17059"},"modified":"2024-08-27T22:51:51","modified_gmt":"2024-08-28T01:51:51","slug":"intencao-de-consumo-das-familias-do-df-e-a-mais-alta-desde-de-2015","status":"publish","type":"post","link":"https:\/\/blogs.correiobraziliense.com.br\/capital-sa\/2024\/08\/27\/intencao-de-consumo-das-familias-do-df-e-a-mais-alta-desde-de-2015\/","title":{"rendered":"Inten\u00e7\u00e3o de consumo das fam\u00edlias do DF \u00e9 a mais alta desde 2015"},"content":{"rendered":"<p><em>Houve melhora expressiva para aquisi\u00e7\u00e3o de bens dur\u00e1veis. Mas, como ponto negativo, para travar ou inibir o consumo, est\u00e1 o dif\u00edcil acesso ao cr\u00e9dito, segundo pesquisa da CNC\u00a0<\/em><\/p>\n<p class=\"p1\"><strong>Por Samanta Sallum\u00a0<\/strong><\/p>\n<p class=\"p1\"><span class=\"s1\">A Pesquisa de Inten\u00e7\u00e3o de Consumo das Fam\u00edlias do Distrito Federal (ICF-DF) registrou crescimento de 2,9 ponto percentual ao deslocar-se de 105,2 pontos, no m\u00eas de julho, para 108,1 pontos em agosto, sendo este o melhor resultado desde fevereiro de 2015, consolidando uma tend\u00eancia positiva\u00a0<\/span><span class=\"s1\">iniciada em junho \u00faltimo.<\/span><\/p>\n<blockquote><p><span class=\"s1\">\u201cS\u00e3o dados muito positivos para nossa capital, pois em rela\u00e7\u00e3o ao cen\u00e1rio nacional, o Distrito Federal apresenta inten\u00e7\u00e3o de consumo superior, que somou 102 pontos, enquanto aqui alcan\u00e7amos 108. Todas as faixas de renda\u00a0influenciaram positivamente essa tend\u00eancia\u201d<\/span><span class=\"s1\">, afirma o presidente do Sistema Fecom\u00e9rcio-DF, Jos\u00e9 Aparecido Freire.<\/span><\/p><\/blockquote>\n<p>No m\u00eas, embora haja uma melhora expressiva no momento para aquisi\u00e7\u00e3o de bens dur\u00e1veis, em recupera\u00e7\u00e3o ap\u00f3s recuo, o respons\u00e1vel pelo resultado dos \u00faltimos tr\u00eas meses \u00e9 a empregabilidade e a renda.\u00a0Como destaque negativo para travar ou inibir o consumo, est\u00e1 o acesso ao cr\u00e9dito, pois 44,6% acha que est\u00e1 mais dif\u00edcil conseguir empr\u00e9stimo ou comprar a prazo.<\/p>\n<p>Em agosto, todos os indicadores que formam o \u00edndice geral apresentam crescimento com destaque para compra de bens dur\u00e1veis com oscila\u00e7\u00e3o positiva de 6,1%, seguido de perspectiva profissional 5,3%, renda atual 3,8%, n\u00edvel de consumo atual 1,8%, perspectiva de consumo 1,5%, emprego atual 1,3%, e compra a prazo (acesso ao cr\u00e9dito) com avan\u00e7o de 1,1%.<\/p>\n","protected":false},"excerpt":{"rendered":"<p>Houve melhora expressiva para aquisi\u00e7\u00e3o de bens dur\u00e1veis. Mas, como ponto negativo, para travar ou inibir o consumo, est\u00e1 o dif\u00edcil acesso ao cr\u00e9dito, segundo pesquisa da CNC\u00a0 Por Samanta Sallum\u00a0 A Pesquisa de Inten\u00e7\u00e3o de Consumo das Fam\u00edlias do Distrito Federal (ICF-DF) registrou crescimento de 2,9 ponto percentual ao deslocar-se de 105,2 pontos, no m\u00eas de julho, para 108,1 [&hellip;]<\/p>\n","protected":false},"author":125,"featured_media":17064,"comment_status":"open","ping_status":"open","sticky":false,"template":"","format":"standard","meta":{"footnotes":""},"categories":[6],"tags":[336,893,276,144,734,2388,419],"class_list":["post-17059","post","type-post","status-publish","format-standard","has-post-thumbnail","hentry","category-coluna-capital-s-a","tag-consumo","tag-credito","tag-economia","tag-empregabilidade","tag-fecomercio-df","tag-icf-df","tag-renda"],"_links":{"self":[{"href":"https:\/\/blogs.correiobraziliense.com.br\/capital-sa\/wp-json\/wp\/v2\/posts\/17059","targetHints":{"allow":["GET"]}}],"collection":[{"href":"https:\/\/blogs.correiobraziliense.com.br\/capital-sa\/wp-json\/wp\/v2\/posts"}],"about":[{"href":"https:\/\/blogs.correiobraziliense.com.br\/capital-sa\/wp-json\/wp\/v2\/types\/post"}],"author":[{"embeddable":true,"href":"https:\/\/blogs.correiobraziliense.com.br\/capital-sa\/wp-json\/wp\/v2\/users\/125"}],"replies":[{"embeddable":true,"href":"https:\/\/blogs.correiobraziliense.com.br\/capital-sa\/wp-json\/wp\/v2\/comments?post=17059"}],"version-history":[{"count":9,"href":"https:\/\/blogs.correiobraziliense.com.br\/capital-sa\/wp-json\/wp\/v2\/posts\/17059\/revisions"}],"predecessor-version":[{"id":17069,"href":"https:\/\/blogs.correiobraziliense.com.br\/capital-sa\/wp-json\/wp\/v2\/posts\/17059\/revisions\/17069"}],"wp:featuredmedia":[{"embeddable":true,"href":"https:\/\/blogs.correiobraziliense.com.br\/capital-sa\/wp-json\/wp\/v2\/media\/17064"}],"wp:attachment":[{"href":"https:\/\/blogs.correiobraziliense.com.br\/capital-sa\/wp-json\/wp\/v2\/media?parent=17059"}],"wp:term":[{"taxonomy":"category","embeddable":true,"href":"https:\/\/blogs.correiobraziliense.com.br\/capital-sa\/wp-json\/wp\/v2\/categories?post=17059"},{"taxonomy":"post_tag","embeddable":true,"href":"https:\/\/blogs.correiobraziliense.com.br\/capital-sa\/wp-json\/wp\/v2\/tags?post=17059"}],"curies":[{"name":"wp","href":"https:\/\/api.w.org\/{rel}","templated":true}]}}