{"id":17005,"date":"2024-08-20T15:08:01","date_gmt":"2024-08-20T18:08:01","guid":{"rendered":"https:\/\/blogs.correiobraziliense.com.br\/capital-sa\/?p=17005"},"modified":"2024-08-20T16:49:48","modified_gmt":"2024-08-20T19:49:48","slug":"bancada-do-df-busca-lula-para-garantir-auxilio-moradia-de-pms-em-2025","status":"publish","type":"post","link":"https:\/\/blogs.correiobraziliense.com.br\/capital-sa\/2024\/08\/20\/bancada-do-df-busca-lula-para-garantir-auxilio-moradia-de-pms-em-2025\/","title":{"rendered":"Bancada do DF busca Lula para garantir aux\u00edlio-moradia de PMs em 2025"},"content":{"rendered":"<p style=\"padding-left: 30px\"><em>Governo federal precisa enviar projeto de Lei ao Congresso para tornar o benef\u00edcio fixo. Sen\u00e3o, parlamentares ter\u00e3o de lutar por R$ 700 milh\u00f5es, em emendas, ao Or\u00e7amento da Uni\u00e3o, para manter pagamento a 17 mil servidores da Seguran\u00e7a no DF\u00a0<\/em><\/p>\n<p class=\"p1\"><strong><span class=\"s1\">Por Samanta Sallum <\/span><\/strong><\/p>\n<p class=\"p1\"><span class=\"s1\">O deputado federal Gilvan M\u00e1ximo (Republicanos\/DF), que foi o relator do PLN 12, que garantiu o reajuste salarial de 18% para as for\u00e7as de seguran\u00e7a p\u00fablica do DF, fez um alerta sobre o aux\u00edlio-moradia. \u201cEstamos em contato com o presidente e os ministros Padilha e Rui Costa para que possamos regularizar definitivamente o benef\u00edcio por meio de um projeto de lei do Executivo\u201d, contou hoje<span class=\"Apple-converted-space\">\u00a0o\u00a0<\/span>parlamentar, durante o programa CB Poder, parceria do Correio Braziliense e da TV Bras\u00edlia.<\/span><\/p>\n<p class=\"p1\"><span class=\"s1\">O deputado encaminhou ao Pal\u00e1cio do Planalto uma sugest\u00e3o de minuta de projeto de lei para tornar o aux\u00edlio-moradia fixo. O benef\u00edcio representa 28% do sal\u00e1rio de cerca de 17 mil servidores da PM e do Corpo de Bombeiros do DF. S\u00e3o necess\u00e1rios R$ 700 milh\u00f5es\/ano para pagar o benef\u00edcio.<\/span><\/p>\n<p class=\"p1\"><span class=\"s1\">Gilvan lembrou que no governo Bolsonaro (PL) faltou articula\u00e7\u00e3o da bancada do DF para conseguir o aumento das for\u00e7as de seguran\u00e7a. Mas que, ao assumir o mandato em 2023, conseguiu a ponte com o governo Lula.<\/span><\/p>\n<p><img loading=\"lazy\" decoding=\"async\" class=\"aligncenter size-medium wp-image-17014\" src=\"https:\/\/blogs.correiobraziliense.com.br\/capital-sa\/wp-content\/uploads\/sites\/59\/2024\/08\/00429ABD-6279-4E32-9519-276633D085EA-300x162.jpeg\" alt=\"\" width=\"300\" height=\"162\" srcset=\"https:\/\/blogs.correiobraziliense.com.br\/capital-sa\/wp-content\/uploads\/sites\/59\/2024\/08\/00429ABD-6279-4E32-9519-276633D085EA-300x162.jpeg 300w, https:\/\/blogs.correiobraziliense.com.br\/capital-sa\/wp-content\/uploads\/sites\/59\/2024\/08\/00429ABD-6279-4E32-9519-276633D085EA-550x297.jpeg 550w, https:\/\/blogs.correiobraziliense.com.br\/capital-sa\/wp-content\/uploads\/sites\/59\/2024\/08\/00429ABD-6279-4E32-9519-276633D085EA-230x124.jpeg 230w, https:\/\/blogs.correiobraziliense.com.br\/capital-sa\/wp-content\/uploads\/sites\/59\/2024\/08\/00429ABD-6279-4E32-9519-276633D085EA.jpeg 753w\" sizes=\"auto, (max-width: 300px) 100vw, 300px\" \/><\/p>\n<p class=\"p1\"><span class=\"s1\">O Republicanos, que apoiou\u00a0<\/span>Bolsonaro, agora tem tamb\u00e9m proximidade com o governo petista, j\u00e1 que mant\u00e9m inclusive um ministro: Silvio Costa do Portos e Aeroportos. \u201cMas n\u00e3o abrimos m\u00e3o das nossas pautas conservadoras\u201d, faz a ressalva o deputado.<\/p>\n<p><strong>Decis\u00e3o do TCU\u00a0<\/strong><\/p>\n<p class=\"p1\"><span class=\"s1\">O aux\u00edlio-moradia, pago h\u00e1 mais de 10 anos, esteve amea\u00e7ado no ano passado, mas foi garantido por aprova\u00e7\u00e3o de emenda de R$ 700 milh\u00f5es \u00e0 LDO de 2024. <\/span>Em mar\u00e7o de 2023, o ministro<span class=\"s1\">\u00a0do <a href=\"https:\/\/portal.tcu.gov.br\/inicio\/\"><span class=\"s2\">Tribunal de Contas da Uni\u00e3o (TCU) <\/span><\/a>Aroldo Cedraz tinha mandado suspender\u00a0<\/span>o pagamento do aux\u00edlio moradia para policiais militares e oficiais do Corpo de Bombeiros do Distrito Federal. Tamb\u00e9m cobrou a devolu\u00e7\u00e3o do que j\u00e1 tinha sido pago.<\/p>\n<p class=\"p1\"><span class=\"s1\">A medida atingia n\u00e3o s\u00f3 oficiais da ativa, mas policiais e bombeiros que est\u00e3o na reserva. O TCU, na decis\u00e3o, apontou que era irregular normas distritais acerca de direcionamento de recursos do Fundo Constitucional, logo que o FCDF \u00e9 pago pela Uni\u00e3o.<br \/>\n<\/span><\/p>\n<p><strong>Seguran\u00e7a jur\u00eddica<\/strong><\/p>\n<p class=\"p1\">Durante a leitura do relat\u00f3rio da LDO de 2024, o relator Deputado Federal, Danilo Forte, mencionou a emenda que garantiu, pela primeira vez na hist\u00f3ria, a seguran\u00e7a jur\u00eddica para mais de 17 mil policiais militares e bombeiros do DF.\u00a0 E parabenizou a bancada do DF e a lideran\u00e7a de Gilvan na articula\u00e7\u00e3o. Mas o benef\u00edcio n\u00e3o est\u00e1 garantido ainda para 2025. Ser\u00e1 necess\u00e1rio, caso projeto de lei de iniciativa do governo federal n\u00e3o seja aprovado, emenda a LDO para o ano que vem ter\u00e1 de ser apresentada para garantir os recursos necess\u00e1rios.<\/p>\n<p><strong><span class=\"s1\">Derrubada de veto<\/span><\/strong><\/p>\n<p class=\"p1\"><span class=\"s1\">A novela<span class=\"Apple-converted-space\">\u00a0<\/span>sobre o aux\u00edlio-moradia se estendeu at\u00e9 maio deste ano quando o reajuste do aux\u00edlio-moradia para membros da Pol\u00edcia Militar (PMDF) e do Corpo de Bombeiros Militar (CBMDF) foi restabelecido pelo Congresso Nacional. Os parlamentares derrubaram parte do VETO 35\/2023, que retirou trechos da Lei sobre reajuste a for\u00e7as de seguran\u00e7a p\u00fablica do Distrito Federal (Lei 14.724, de 2023).<\/span><\/p>\n<p><img loading=\"lazy\" decoding=\"async\" class=\"aligncenter size-medium wp-image-17016\" src=\"https:\/\/blogs.correiobraziliense.com.br\/capital-sa\/wp-content\/uploads\/sites\/59\/2024\/08\/38E9C79D-FC74-4FCC-9220-01BCE190CBDE-300x199.jpeg\" alt=\"\" width=\"300\" height=\"199\" srcset=\"https:\/\/blogs.correiobraziliense.com.br\/capital-sa\/wp-content\/uploads\/sites\/59\/2024\/08\/38E9C79D-FC74-4FCC-9220-01BCE190CBDE-300x199.jpeg 300w, https:\/\/blogs.correiobraziliense.com.br\/capital-sa\/wp-content\/uploads\/sites\/59\/2024\/08\/38E9C79D-FC74-4FCC-9220-01BCE190CBDE-768x509.jpeg 768w, https:\/\/blogs.correiobraziliense.com.br\/capital-sa\/wp-content\/uploads\/sites\/59\/2024\/08\/38E9C79D-FC74-4FCC-9220-01BCE190CBDE-800x530.jpeg 800w, https:\/\/blogs.correiobraziliense.com.br\/capital-sa\/wp-content\/uploads\/sites\/59\/2024\/08\/38E9C79D-FC74-4FCC-9220-01BCE190CBDE-550x365.jpeg 550w, https:\/\/blogs.correiobraziliense.com.br\/capital-sa\/wp-content\/uploads\/sites\/59\/2024\/08\/38E9C79D-FC74-4FCC-9220-01BCE190CBDE-230x152.jpeg 230w, https:\/\/blogs.correiobraziliense.com.br\/capital-sa\/wp-content\/uploads\/sites\/59\/2024\/08\/38E9C79D-FC74-4FCC-9220-01BCE190CBDE.jpeg 860w\" sizes=\"auto, (max-width: 300px) 100vw, 300px\" \/><\/p>\n<p class=\"p1\"><span class=\"s1\">O item que indicava o pagamento do benef\u00edcio foi acrescentado no Projeto de Lei (PL) 4.426\/2023 por deputados e senadores, mas acabou sendo retirado do texto final. Na sess\u00e3o conjunta, os parlamentares rejeitaram o veto presidencial ao aux\u00edlio. O deputado Alberto Fraga e o senador Fl\u00e1vio Bolsonaro participaram da derrubada do veto.<\/span><\/p>\n","protected":false},"excerpt":{"rendered":"<p>Governo federal precisa enviar projeto de Lei ao Congresso para tornar o benef\u00edcio fixo. Sen\u00e3o, parlamentares ter\u00e3o de lutar por R$ 700 milh\u00f5es, em emendas, ao Or\u00e7amento da Uni\u00e3o, para manter pagamento a 17 mil servidores da Seguran\u00e7a no DF\u00a0 Por Samanta Sallum O deputado federal Gilvan M\u00e1ximo (Republicanos\/DF), que foi o relator do PLN 12, que garantiu o reajuste [&hellip;]<\/p>\n","protected":false},"author":125,"featured_media":17013,"comment_status":"open","ping_status":"open","sticky":false,"template":"","format":"standard","meta":{"footnotes":""},"categories":[6],"tags":[2377,2373,2374,364,2376,2133,2207,1165,2375,445],"class_list":["post-17005","post","type-post","status-publish","format-standard","has-post-thumbnail","hentry","category-coluna-capital-s-a","tag-albertofraga","tag-articulacao","tag-auxilio-moradia","tag-beneficio","tag-corpodebombeiros","tag-flaviobolsonaro","tag-governofederal","tag-lula","tag-pm-df","tag-tcu"],"_links":{"self":[{"href":"https:\/\/blogs.correiobraziliense.com.br\/capital-sa\/wp-json\/wp\/v2\/posts\/17005","targetHints":{"allow":["GET"]}}],"collection":[{"href":"https:\/\/blogs.correiobraziliense.com.br\/capital-sa\/wp-json\/wp\/v2\/posts"}],"about":[{"href":"https:\/\/blogs.correiobraziliense.com.br\/capital-sa\/wp-json\/wp\/v2\/types\/post"}],"author":[{"embeddable":true,"href":"https:\/\/blogs.correiobraziliense.com.br\/capital-sa\/wp-json\/wp\/v2\/users\/125"}],"replies":[{"embeddable":true,"href":"https:\/\/blogs.correiobraziliense.com.br\/capital-sa\/wp-json\/wp\/v2\/comments?post=17005"}],"version-history":[{"count":20,"href":"https:\/\/blogs.correiobraziliense.com.br\/capital-sa\/wp-json\/wp\/v2\/posts\/17005\/revisions"}],"predecessor-version":[{"id":17029,"href":"https:\/\/blogs.correiobraziliense.com.br\/capital-sa\/wp-json\/wp\/v2\/posts\/17005\/revisions\/17029"}],"wp:featuredmedia":[{"embeddable":true,"href":"https:\/\/blogs.correiobraziliense.com.br\/capital-sa\/wp-json\/wp\/v2\/media\/17013"}],"wp:attachment":[{"href":"https:\/\/blogs.correiobraziliense.com.br\/capital-sa\/wp-json\/wp\/v2\/media?parent=17005"}],"wp:term":[{"taxonomy":"category","embeddable":true,"href":"https:\/\/blogs.correiobraziliense.com.br\/capital-sa\/wp-json\/wp\/v2\/categories?post=17005"},{"taxonomy":"post_tag","embeddable":true,"href":"https:\/\/blogs.correiobraziliense.com.br\/capital-sa\/wp-json\/wp\/v2\/tags?post=17005"}],"curies":[{"name":"wp","href":"https:\/\/api.w.org\/{rel}","templated":true}]}}