{"id":16989,"date":"2024-08-19T17:14:35","date_gmt":"2024-08-19T20:14:35","guid":{"rendered":"https:\/\/blogs.correiobraziliense.com.br\/capital-sa\/?p=16989"},"modified":"2024-08-19T18:10:39","modified_gmt":"2024-08-19T21:10:39","slug":"coca-cola-apoia-preparacao-para-cop-30-no-para","status":"publish","type":"post","link":"https:\/\/blogs.correiobraziliense.com.br\/capital-sa\/2024\/08\/19\/coca-cola-apoia-preparacao-para-cop-30-no-para\/","title":{"rendered":"Coca-Cola apoia prepara\u00e7\u00e3o para COP 30 no Par\u00e1"},"content":{"rendered":"<p class=\"p1\"><strong>Por Samanta Sallum\u00a0<\/strong><\/p>\n<p class=\"p1\"><span class=\"s1\">Parceria entre Instituto Coca-Cola, Sistema Coca-Cola Brasil, EF Education First e o Governo do Par\u00e1 vai impulsionar a empregabilidade local por meio da plataforma do \u201cColetivo ON\u201d e da capacita\u00e7\u00e3o no idioma ingl\u00eas. Ser\u00e3o 5 mil pessoas beneficiadas. O curso ser\u00e1 uma ferramenta de prepara\u00e7\u00e3o para futuros eventos, como a COP 30, a\u00a0<\/span>30\u00aa Confer\u00eancia das Partes da Conven\u00e7\u00e3o-Quadro das Na\u00e7\u00f5es Unidas sobre Mudan\u00e7a do Clima (COP-30), a ser realizada em 2025.<\/p>\n<p class=\"p1\">\u201cFirmar essa uni\u00e3o s\u00f3 refor\u00e7a nosso compromisso de alterar os ponteiros socioecon\u00f4micos do pa\u00eds e criar um legado para o estado do Par\u00e1.\u201d, explica Daniela Redondo, diretora do Instituto Coca-Cola Brasil.<\/p>\n<p class=\"p1\"><span class=\"s1\"> Ap\u00f3s a conclus\u00e3o da 1\u00aa etapa, os alunos j\u00e1 podem ter acesso a diversas vagas de emprego em mais de 400 empresas parceiras. <\/span><\/p>\n<p class=\"p1\"><span class=\"s1\">\u201cAtuamos na regi\u00e3o Norte com programas socioambientais h\u00e1 mais de 30 anos. Projetos como este reafirmam o nosso compromisso com o pa\u00eds\u201d,<span class=\"Apple-converted-space\">\u00a0 <\/span>destaca Victor Bicca, Diretor S\u00eanior de Rela\u00e7\u00f5es Governamentais da Coca-Cola Brasil. O governador do Par\u00e1, Helder Barbalho, participou da assinatura da parceria na semana passada.<\/span><\/p>\n","protected":false},"excerpt":{"rendered":"<p>Por Samanta Sallum\u00a0 Parceria entre Instituto Coca-Cola, Sistema Coca-Cola Brasil, EF Education First e o Governo do Par\u00e1 vai impulsionar a empregabilidade local por meio da plataforma do \u201cColetivo ON\u201d e da capacita\u00e7\u00e3o no idioma ingl\u00eas. Ser\u00e3o 5 mil pessoas beneficiadas. O curso ser\u00e1 uma ferramenta de prepara\u00e7\u00e3o para futuros eventos, como a COP 30, a\u00a030\u00aa Confer\u00eancia das Partes da [&hellip;]<\/p>\n","protected":false},"author":125,"featured_media":16992,"comment_status":"open","ping_status":"open","sticky":false,"template":"","format":"standard","meta":{"footnotes":""},"categories":[6],"tags":[2366,2363,2364,144,2365,756],"class_list":["post-16989","post","type-post","status-publish","format-standard","has-post-thumbnail","hentry","category-coluna-capital-s-a","tag-barbalho","tag-coca-cola","tag-cop30","tag-empregabilidade","tag-helder","tag-parceria"],"_links":{"self":[{"href":"https:\/\/blogs.correiobraziliense.com.br\/capital-sa\/wp-json\/wp\/v2\/posts\/16989","targetHints":{"allow":["GET"]}}],"collection":[{"href":"https:\/\/blogs.correiobraziliense.com.br\/capital-sa\/wp-json\/wp\/v2\/posts"}],"about":[{"href":"https:\/\/blogs.correiobraziliense.com.br\/capital-sa\/wp-json\/wp\/v2\/types\/post"}],"author":[{"embeddable":true,"href":"https:\/\/blogs.correiobraziliense.com.br\/capital-sa\/wp-json\/wp\/v2\/users\/125"}],"replies":[{"embeddable":true,"href":"https:\/\/blogs.correiobraziliense.com.br\/capital-sa\/wp-json\/wp\/v2\/comments?post=16989"}],"version-history":[{"count":5,"href":"https:\/\/blogs.correiobraziliense.com.br\/capital-sa\/wp-json\/wp\/v2\/posts\/16989\/revisions"}],"predecessor-version":[{"id":17003,"href":"https:\/\/blogs.correiobraziliense.com.br\/capital-sa\/wp-json\/wp\/v2\/posts\/16989\/revisions\/17003"}],"wp:featuredmedia":[{"embeddable":true,"href":"https:\/\/blogs.correiobraziliense.com.br\/capital-sa\/wp-json\/wp\/v2\/media\/16992"}],"wp:attachment":[{"href":"https:\/\/blogs.correiobraziliense.com.br\/capital-sa\/wp-json\/wp\/v2\/media?parent=16989"}],"wp:term":[{"taxonomy":"category","embeddable":true,"href":"https:\/\/blogs.correiobraziliense.com.br\/capital-sa\/wp-json\/wp\/v2\/categories?post=16989"},{"taxonomy":"post_tag","embeddable":true,"href":"https:\/\/blogs.correiobraziliense.com.br\/capital-sa\/wp-json\/wp\/v2\/tags?post=16989"}],"curies":[{"name":"wp","href":"https:\/\/api.w.org\/{rel}","templated":true}]}}