{"id":16983,"date":"2024-08-19T16:59:37","date_gmt":"2024-08-19T19:59:37","guid":{"rendered":"https:\/\/blogs.correiobraziliense.com.br\/capital-sa\/?p=16983"},"modified":"2024-08-19T17:49:09","modified_gmt":"2024-08-19T20:49:09","slug":"loreal-assina-parceria-com-senac-df-para-capacitacao-profissional","status":"publish","type":"post","link":"https:\/\/blogs.correiobraziliense.com.br\/capital-sa\/2024\/08\/19\/loreal-assina-parceria-com-senac-df-para-capacitacao-profissional\/","title":{"rendered":"L\u2019Or\u00e9al assina parceria com Senac\/DF para capacita\u00e7\u00e3o profissional"},"content":{"rendered":"<p class=\"p1\"><strong>Por Samanta Sallum\u00a0<\/strong><\/p>\n<p class=\"p1\"><span class=\"s1\">A L\u2019Or\u00e9al Produtos Profissionais<\/span><span class=\"s2\">, com as marcas K\u00e9rastase, L\u2019Or\u00e9al Professionnel e Redken, firmaram oficialmente parceria in\u00e9dita com o<\/span><span class=\"s1\"> Senac-DF <\/span><span class=\"s2\">para acelerar<span class=\"Apple-converted-space\">\u00a0<\/span>a carreira de jovens do Distrito Federal na \u00e1rea da beleza.<\/span> <span class=\"s2\">O projeto <\/span><span class=\"s1\">Gera\u00e7\u00e3o PRO<\/span><span class=\"s2\">\u00a0vai oferecer forma\u00e7\u00e3o e capacita\u00e7\u00e3o na profissional de cabeleireiro. A expectativa \u00e9 de que mais de 300 jovens sejam certificados no per\u00edodo de 18 meses.<br \/>\n<\/span><\/p>\n<p class=\"p1\"><span class=\"s2\">\u201cAtualmente, 44% dos sal\u00f5es dizem n\u00e3o conseguir encontrar profissionais de qualidade no mercado. Ao nos unirmos a um grande player como o Senac, refor\u00e7amos nossa responsabilidade em fomentar um segmento profissional com inova\u00e7\u00e3o em servi\u00e7os, produtos e pessoas, entendendo o sal\u00e3o como importante catalisador de mudan\u00e7as sociais\u201d afirma Joana Fleury, diretora geral de L\u2019Or\u00e9al Produtos Profissionais no Brasil.<\/span><\/p>\n<p class=\"p1\"><strong><span class=\"s2\">Polo de educa\u00e7\u00e3o<\/span><\/strong><\/p>\n<p class=\"p1\"><span class=\"s2\">O termo de coopera\u00e7\u00e3o ser\u00e1 assinado no evento <\/span><span class=\"s1\">L\u2019Or\u00e9al PRO Summit<\/span><span class=\"s2\">, em S\u00e3o Paulo, com a presen\u00e7as de Jos\u00e9 Aparecido Freire, Presidente do Sistema Fecom\u00e9rcio-DF e Vitor Corr\u00eaa, Diretor Regional do Senac-DF.<\/span><\/p>\n<p class=\"p1\"><span class=\"s2\">O Polo de Educa\u00e7\u00e3o Profissional do Senac ser\u00e1 no Shopping Conjunto Nacional, em Bras\u00edlia. A primeira turma ter\u00e1 in\u00edcio em novembro deste ano no curso de \u2018Cabeleireiro B\u00e1sico\u2019.<\/span><\/p>\n<p class=\"p1\"><strong><span class=\"s2\">Inclus\u00e3o de jovens <\/span><\/strong><\/p>\n<p class=\"p1\"><span class=\"s2\">\u201cEsse lan\u00e7amento significa muito para o segmento de beleza no DF. S\u00e3o mais de 23 mil empresas do setor. Vamos trazer cada vez mais qualidade para essas forma\u00e7\u00f5es e atender bem a clientela de Bras\u00edlia t\u00e3o exigente.Com essa parceria, o Senac-DF ajuda a promover a inclus\u00e3o produtiva de jovens\u201d, refor\u00e7a Vitor Corr\u00eaa, Diretor Regional do Senac-DF.<\/span><\/p>\n<p class=\"p1\"><strong><span class=\"s2\">Apoio do Simbeleza\/DF <\/span><\/strong><\/p>\n<p class=\"p1\"><span class=\"s2\">O projeto tem apoio do Sindicato dos Sal\u00f5es, Institutos e Centros de Beleza, Est\u00e9tica do Distrito Federal (Simbeleza-DF), presidido pelo empres\u00e1rio Gustavo Nakanishi, e da Rede H\u00e9lio, importante rede de sal\u00f5es do Distrito Federal, que tem como compromisso apadrinhar parte desses alunos em seu corpo de profissionais.<\/span><\/p>\n","protected":false},"excerpt":{"rendered":"<p>Por Samanta Sallum\u00a0 A L\u2019Or\u00e9al Produtos Profissionais, com as marcas K\u00e9rastase, L\u2019Or\u00e9al Professionnel e Redken, firmaram oficialmente parceria in\u00e9dita com o Senac-DF para acelerar\u00a0a carreira de jovens do Distrito Federal na \u00e1rea da beleza. O projeto Gera\u00e7\u00e3o PRO\u00a0vai oferecer forma\u00e7\u00e3o e capacita\u00e7\u00e3o na profissional de cabeleireiro. A expectativa \u00e9 de que mais de 300 jovens sejam certificados no per\u00edodo de [&hellip;]<\/p>\n","protected":false},"author":125,"featured_media":16987,"comment_status":"open","ping_status":"open","sticky":false,"template":"","format":"standard","meta":{"footnotes":""},"categories":[6],"tags":[457,276,2360,2361,2160,2362],"class_list":["post-16983","post","type-post","status-publish","format-standard","has-post-thumbnail","hentry","category-coluna-capital-s-a","tag-capacitacao","tag-economia","tag-loreal","tag-profissional","tag-senac-df","tag-simbeleza-df"],"_links":{"self":[{"href":"https:\/\/blogs.correiobraziliense.com.br\/capital-sa\/wp-json\/wp\/v2\/posts\/16983","targetHints":{"allow":["GET"]}}],"collection":[{"href":"https:\/\/blogs.correiobraziliense.com.br\/capital-sa\/wp-json\/wp\/v2\/posts"}],"about":[{"href":"https:\/\/blogs.correiobraziliense.com.br\/capital-sa\/wp-json\/wp\/v2\/types\/post"}],"author":[{"embeddable":true,"href":"https:\/\/blogs.correiobraziliense.com.br\/capital-sa\/wp-json\/wp\/v2\/users\/125"}],"replies":[{"embeddable":true,"href":"https:\/\/blogs.correiobraziliense.com.br\/capital-sa\/wp-json\/wp\/v2\/comments?post=16983"}],"version-history":[{"count":6,"href":"https:\/\/blogs.correiobraziliense.com.br\/capital-sa\/wp-json\/wp\/v2\/posts\/16983\/revisions"}],"predecessor-version":[{"id":16997,"href":"https:\/\/blogs.correiobraziliense.com.br\/capital-sa\/wp-json\/wp\/v2\/posts\/16983\/revisions\/16997"}],"wp:featuredmedia":[{"embeddable":true,"href":"https:\/\/blogs.correiobraziliense.com.br\/capital-sa\/wp-json\/wp\/v2\/media\/16987"}],"wp:attachment":[{"href":"https:\/\/blogs.correiobraziliense.com.br\/capital-sa\/wp-json\/wp\/v2\/media?parent=16983"}],"wp:term":[{"taxonomy":"category","embeddable":true,"href":"https:\/\/blogs.correiobraziliense.com.br\/capital-sa\/wp-json\/wp\/v2\/categories?post=16983"},{"taxonomy":"post_tag","embeddable":true,"href":"https:\/\/blogs.correiobraziliense.com.br\/capital-sa\/wp-json\/wp\/v2\/tags?post=16983"}],"curies":[{"name":"wp","href":"https:\/\/api.w.org\/{rel}","templated":true}]}}