{"id":1698,"date":"2021-02-03T22:31:50","date_gmt":"2021-02-04T01:31:50","guid":{"rendered":"https:\/\/blogs.correiobraziliense.com.br\/capital-sa\/?p=1698"},"modified":"2021-02-03T22:43:48","modified_gmt":"2021-02-04T01:43:48","slug":"agimos-com-responsabilidade-o-governador-viu-que-podia-flexibilizar-diz-abrasel-df","status":"publish","type":"post","link":"https:\/\/blogs.correiobraziliense.com.br\/capital-sa\/2021\/02\/03\/agimos-com-responsabilidade-o-governador-viu-que-podia-flexibilizar-diz-abrasel-df\/","title":{"rendered":"\u201cAgimos com responsabilidade. O governador viu que podia flexibilizar\u201d,  diz Abrasel\/DF"},"content":{"rendered":"<p class=\"p2\">A Associa\u00e7\u00e3o de Bares e Restaurantes do DF, a Abrasel, comemorou a decis\u00e3o do governador Ibaneis Rocha de permitir o retorno do funcionamento normal dos estabelecimentos. Ibaneis assinou decreto que acaba com a determina\u00e7\u00e3o de encerrar as atividades \u00e0s 23h.<\/p>\n<p class=\"p2\"><span class=\"s1\">\u201cA gente estava acompanhando o repique do final do ano, agora no m\u00eas de janeiro. A Abrasel, junto com a Sindobar e o GDF (Secretaria de Sa\u00fade e Casa Civil), estava<span class=\"Apple-converted-space\">\u00a0 <\/span>monitorando os n\u00fameros da sa\u00fade para poder agir com responsabilidade. Como a situa\u00e7\u00e3o dos leitos est\u00e1 sob controle, o governador viu que dava para flexibilizar isso\u201d,\u00a0<\/span>disse o presidente da Abrasel, o empres\u00e1rio Beto Pinheiro.<\/p>\n<p class=\"p2\"><span class=\"s1\">Ele est\u00e1 seguro de que os n\u00fameros de contamina\u00e7\u00e3o no DF pelo novo coronav\u00edrus n\u00e3o aumentar\u00e3o por causa dos bares e restaurantes. \u201cA Abrasel, neste momento, recebe essa decis\u00e3o do GDF com muita alegria. Agradecemos a sensibilidade do governador com o setor\u201d, ressaltou.<\/span><\/p>\n<p><img loading=\"lazy\" decoding=\"async\" class=\"aligncenter size-medium wp-image-1704\" src=\"https:\/\/blogs.correiobraziliense.com.br\/capital-sa\/wp-content\/uploads\/sites\/59\/2021\/02\/6A6DC4E1-E30F-432D-A532-6F5753B35117-300x198.jpeg\" alt=\"\" width=\"300\" height=\"198\" srcset=\"https:\/\/blogs.correiobraziliense.com.br\/capital-sa\/wp-content\/uploads\/sites\/59\/2021\/02\/6A6DC4E1-E30F-432D-A532-6F5753B35117-300x198.jpeg 300w, https:\/\/blogs.correiobraziliense.com.br\/capital-sa\/wp-content\/uploads\/sites\/59\/2021\/02\/6A6DC4E1-E30F-432D-A532-6F5753B35117-230x152.jpeg 230w, https:\/\/blogs.correiobraziliense.com.br\/capital-sa\/wp-content\/uploads\/sites\/59\/2021\/02\/6A6DC4E1-E30F-432D-A532-6F5753B35117.jpeg 522w\" sizes=\"auto, (max-width: 300px) 100vw, 300px\" \/><\/p>\n<p class=\"p2\"><span class=\"s1\">Em 20 de janeiro, a Abrasel e Sindhobar, que representam 11 mil estabelecimentos, enviaram documento ao governador pedindo o fim da restri\u00e7\u00e3o de hor\u00e1rio. <\/span><\/p>\n<blockquote>\n<p class=\"p2\"><span class=\"s1\">\u201cNosso pedido foi embasado tecnicamente. Apontamos que o aumento da fiscaliza\u00e7\u00e3o pela PM vai punir quem est\u00e1 errado,que \u00e9 uma minoria. E, assim, a maioria que faz certo vai ter liberdade para trabalhar\u201d, afirma Pinheiro. <\/span><\/p>\n<\/blockquote>\n<p class=\"p2\"><span class=\"s1\">O empres\u00e1rio argumenta que a medida do GDF \u00e9 extremamente necess\u00e1ria para a retomada da economia local. \u201cSabemos que preservar empresas, tamb\u00e9m, representa preservar vidas, empregos. Acho que o grande desafio, hoje, do GDF \u00e9 gerar e manter empregos.\u201d<\/span><\/p>\n","protected":false},"excerpt":{"rendered":"<p>A Associa\u00e7\u00e3o de Bares e Restaurantes do DF, a Abrasel, comemorou a decis\u00e3o do governador Ibaneis Rocha de permitir o retorno do funcionamento normal dos estabelecimentos. Ibaneis assinou decreto que acaba com a determina\u00e7\u00e3o de encerrar as atividades \u00e0s 23h. \u201cA gente estava acompanhando o repique do final do ano, agora no m\u00eas de janeiro. A Abrasel, junto com a [&hellip;]<\/p>\n","protected":false},"author":125,"featured_media":1700,"comment_status":"open","ping_status":"open","sticky":false,"template":"","format":"standard","meta":{"footnotes":""},"categories":[1],"tags":[],"class_list":["post-1698","post","type-post","status-publish","format-standard","has-post-thumbnail","hentry","category-sem-categoria"],"_links":{"self":[{"href":"https:\/\/blogs.correiobraziliense.com.br\/capital-sa\/wp-json\/wp\/v2\/posts\/1698","targetHints":{"allow":["GET"]}}],"collection":[{"href":"https:\/\/blogs.correiobraziliense.com.br\/capital-sa\/wp-json\/wp\/v2\/posts"}],"about":[{"href":"https:\/\/blogs.correiobraziliense.com.br\/capital-sa\/wp-json\/wp\/v2\/types\/post"}],"author":[{"embeddable":true,"href":"https:\/\/blogs.correiobraziliense.com.br\/capital-sa\/wp-json\/wp\/v2\/users\/125"}],"replies":[{"embeddable":true,"href":"https:\/\/blogs.correiobraziliense.com.br\/capital-sa\/wp-json\/wp\/v2\/comments?post=1698"}],"version-history":[{"count":5,"href":"https:\/\/blogs.correiobraziliense.com.br\/capital-sa\/wp-json\/wp\/v2\/posts\/1698\/revisions"}],"predecessor-version":[{"id":1706,"href":"https:\/\/blogs.correiobraziliense.com.br\/capital-sa\/wp-json\/wp\/v2\/posts\/1698\/revisions\/1706"}],"wp:featuredmedia":[{"embeddable":true,"href":"https:\/\/blogs.correiobraziliense.com.br\/capital-sa\/wp-json\/wp\/v2\/media\/1700"}],"wp:attachment":[{"href":"https:\/\/blogs.correiobraziliense.com.br\/capital-sa\/wp-json\/wp\/v2\/media?parent=1698"}],"wp:term":[{"taxonomy":"category","embeddable":true,"href":"https:\/\/blogs.correiobraziliense.com.br\/capital-sa\/wp-json\/wp\/v2\/categories?post=1698"},{"taxonomy":"post_tag","embeddable":true,"href":"https:\/\/blogs.correiobraziliense.com.br\/capital-sa\/wp-json\/wp\/v2\/tags?post=1698"}],"curies":[{"name":"wp","href":"https:\/\/api.w.org\/{rel}","templated":true}]}}