{"id":16971,"date":"2024-08-16T14:21:48","date_gmt":"2024-08-16T17:21:48","guid":{"rendered":"https:\/\/blogs.correiobraziliense.com.br\/capital-sa\/?p=16971"},"modified":"2024-08-16T19:26:47","modified_gmt":"2024-08-16T22:26:47","slug":"nosso-governo-nao-e-so-obra-como-a-oposicao-bate-diz-celina-leao","status":"publish","type":"post","link":"https:\/\/blogs.correiobraziliense.com.br\/capital-sa\/2024\/08\/16\/nosso-governo-nao-e-so-obra-como-a-oposicao-bate-diz-celina-leao\/","title":{"rendered":"\u201cNosso governo n\u00e3o \u00e9 s\u00f3 obra como a oposi\u00e7\u00e3o bate\u201d, diz Celina Le\u00e3o"},"content":{"rendered":"<p><em>A vice-governadora do DF foi a convidada especial de evento da constru\u00e7\u00e3o civil e falou sobre lealdade a Ibaneis<\/em><\/p>\n<p class=\"p1\"><strong>Por Samanta Sallum\u00a0<\/strong><\/p>\n<p class=\"p1\"><span class=\"s1\">A vice-governadora do DF, Celina Le\u00e3o, foi a convidada especial da Associa\u00e7\u00e3o Brasiliense de Construtores (Asbraco) para um encontro com associados e lideran\u00e7as do setor. Celina foi tratada por muitos presentes como a pr\u00f3xima governadora do DF, sendo a sucessora de Ibaneis Rocha. \u201c\u00c9 preciso valorizar esse setor que paga impostos, que representa importante receita para os cofres p\u00fablicos, e gera empregos. O governador Ibaneis apoia voc\u00eas, e eu vou apoiar tamb\u00e9m\u201d, disse, fazendo refer\u00eancia a uma elei\u00e7\u00e3o como governadora.<\/span><\/p>\n<p>Celina quis rebater as cr\u00edticas de que a atual gest\u00e3o s\u00f3 investe em obras. \u201cN\u00e3o \u00e9 certo isso, que a oposi\u00e7\u00e3o bate na gente. Nosso governo investe em a\u00e7\u00f5es sociais tamb\u00e9m.Tiramos 24 mil crian\u00e7as da fila para vaga em creches\u201d, frisou.<\/p>\n<p>A vice-governadora reafirmou a sintonia com Ibaneis Rocha e disse que ele n\u00e3o foi ao evento para que ela tivesse protagonismo. \u201cSempre fui leal ao nosso governador. E ele generoso me disse que esse momento deveria ser meu\u201d, comentou.<\/p>\n<p>Outros representantes do primeiro escal\u00e3o da GDF participaram do evento como o secret\u00e1rio de governo, Jos\u00e9 Humberto Pires, o presidente do BRB, Paulo Henrique Costa; a secret\u00e1ria de Educa\u00e7\u00e3o, H\u00e9lvia Paranagu\u00e1; o presidente do DER, Fauzi Nacfur, o presidente da Novacap, Fernando Leite; e o secret\u00e1rio de Rela\u00e7\u00f5es Institucionais, Agaciel Maia e o diretor da Terracap, Leonardo Mundim.<\/p>\n<p>O anfitri\u00e3o do evento foi o presidente da Asbraco, Afonso Assad. \u201cEla merece esse nosso reconhecimento e homenagem pois mostrou grandeza pol\u00edtica ao ser leal ao governador Ibaneis naquela per\u00edodo de crise gerada pela 8 de janeiro que foi muito ruim para a nossa cidade\u201d, disse Assad.<\/p>\n","protected":false},"excerpt":{"rendered":"<p>A vice-governadora do DF foi a convidada especial de evento da constru\u00e7\u00e3o civil e falou sobre lealdade a Ibaneis Por Samanta Sallum\u00a0 A vice-governadora do DF, Celina Le\u00e3o, foi a convidada especial da Associa\u00e7\u00e3o Brasiliense de Construtores (Asbraco) para um encontro com associados e lideran\u00e7as do setor. Celina foi tratada por muitos presentes como a pr\u00f3xima governadora do DF, sendo [&hellip;]<\/p>\n","protected":false},"author":125,"featured_media":16975,"comment_status":"open","ping_status":"open","sticky":false,"template":"","format":"standard","meta":{"footnotes":""},"categories":[6],"tags":[1068,2358,726,203,2359,70],"class_list":["post-16971","post","type-post","status-publish","format-standard","has-post-thumbnail","hentry","category-coluna-capital-s-a","tag-abrasco","tag-celina","tag-eleicoes","tag-gdf","tag-leao","tag-ibaneis"],"_links":{"self":[{"href":"https:\/\/blogs.correiobraziliense.com.br\/capital-sa\/wp-json\/wp\/v2\/posts\/16971","targetHints":{"allow":["GET"]}}],"collection":[{"href":"https:\/\/blogs.correiobraziliense.com.br\/capital-sa\/wp-json\/wp\/v2\/posts"}],"about":[{"href":"https:\/\/blogs.correiobraziliense.com.br\/capital-sa\/wp-json\/wp\/v2\/types\/post"}],"author":[{"embeddable":true,"href":"https:\/\/blogs.correiobraziliense.com.br\/capital-sa\/wp-json\/wp\/v2\/users\/125"}],"replies":[{"embeddable":true,"href":"https:\/\/blogs.correiobraziliense.com.br\/capital-sa\/wp-json\/wp\/v2\/comments?post=16971"}],"version-history":[{"count":9,"href":"https:\/\/blogs.correiobraziliense.com.br\/capital-sa\/wp-json\/wp\/v2\/posts\/16971\/revisions"}],"predecessor-version":[{"id":16982,"href":"https:\/\/blogs.correiobraziliense.com.br\/capital-sa\/wp-json\/wp\/v2\/posts\/16971\/revisions\/16982"}],"wp:featuredmedia":[{"embeddable":true,"href":"https:\/\/blogs.correiobraziliense.com.br\/capital-sa\/wp-json\/wp\/v2\/media\/16975"}],"wp:attachment":[{"href":"https:\/\/blogs.correiobraziliense.com.br\/capital-sa\/wp-json\/wp\/v2\/media?parent=16971"}],"wp:term":[{"taxonomy":"category","embeddable":true,"href":"https:\/\/blogs.correiobraziliense.com.br\/capital-sa\/wp-json\/wp\/v2\/categories?post=16971"},{"taxonomy":"post_tag","embeddable":true,"href":"https:\/\/blogs.correiobraziliense.com.br\/capital-sa\/wp-json\/wp\/v2\/tags?post=16971"}],"curies":[{"name":"wp","href":"https:\/\/api.w.org\/{rel}","templated":true}]}}