{"id":16923,"date":"2024-08-12T16:32:47","date_gmt":"2024-08-12T19:32:47","guid":{"rendered":"https:\/\/blogs.correiobraziliense.com.br\/capital-sa\/?p=16923"},"modified":"2024-08-13T10:29:35","modified_gmt":"2024-08-13T13:29:35","slug":"ibaneis-veta-artigo-do-ppcub-que-colocava-em-risco-areas-verdes-de-brasilia","status":"publish","type":"post","link":"https:\/\/blogs.correiobraziliense.com.br\/capital-sa\/2024\/08\/12\/ibaneis-veta-artigo-do-ppcub-que-colocava-em-risco-areas-verdes-de-brasilia\/","title":{"rendered":"Ibaneis veta artigo do PPCUB que colocava em risco \u00e1reas verdes de Bras\u00edlia"},"content":{"rendered":"<p class=\"p1\"><em><span class=\"s2\">Decis\u00e3o vai ao encontro do que Iphan e CAU defendiam<\/span><\/em><\/p>\n<p><strong>Por Samanta Sallum\u00a0<\/strong><\/p>\n<p class=\"p1\"><span class=\"s2\">O governador Ibaneis Rocha vetou o artigo 175 do Plano de Preserva\u00e7\u00e3o do Conjunto Urban\u00edstico de Bras\u00edlia (PPCUB).<span class=\"Apple-converted-space\">\u00a0<\/span>Esse artigo transferia para a Terracap as chamadas \u00e1reas remanescentes da regi\u00e3o tombada. E, assim, poderiam ser vendidas para outros fins. O Iphan e o CAU\/DF tinham emitido notas t\u00e9cnicas defendendo alguns vetos, entre eles ao artigo 175, para garantir a manuten\u00e7\u00e3o de espa\u00e7os vazios, as \u00e1reas livres verdes, e preservar a escala buc\u00f3lica.<br \/>\n<\/span><\/p>\n<p class=\"p1\">\u201dOs vetos foram muito importantes, realmente foram sens\u00edveis, muitos deles convergentes, com pontos at\u00e9 sugeridos pelo pr\u00f3prio conselho. Estamos satisfeitos com o resultado, e permaneceremos atuantes, vigilantes, em todas as inst\u00e2ncias em que o CAU tiver cadeira para contribuir\u201d, disse o presidente do CAU-DF, Ricardo Meira.<\/p>\n<p class=\"p1\"><span class=\"s2\">Solenidade, no Pal\u00e1cio do Buriti, foi realizada hoje, \u00e0s 11h, para sancionar o Plano de Preserva\u00e7\u00e3o do Conjunto Urban\u00edstico de Bras\u00edlia (PPCUB). Como a coluna adiantou, o n\u00famero de vetos ao texto do projeto aprovado pelos deputados distritais chegou a 63. O governador vetou que aumento de gabarito de proje\u00e7\u00f5es do setor hoteleiro, que autorizaria o aumento dos pr\u00e9dios de 3 para 12 andares.<\/span><\/p>\n<p class=\"p1\"><span class=\"s2\">Depois de pol\u00eamicas em rela\u00e7\u00e3o a emendas parlamentares ao texto, a expectativa para hoje eram os vetos do governador a partes da lei aprovada pelos distritais. A emenda do deputado Tiago Manzoni (PL) que permite hot\u00e9is e at\u00e9 mot\u00e9is nas 900 foi vetada.<\/span><\/p>\n<p class=\"p1\"><span class=\"s1\">O CUB abrange as regi\u00f5es do Plano Piloto, Cruzeiro, Candangol\u00e2ndia, Sudoeste\/Octogonal e SIG, incluindo o Parque Nacional de Bras\u00edlia e o espelho-d\u2019\u00e1gua do Lago Parano\u00e1, sendo tombado nas inst\u00e2ncias distrital e federal e inscrito como patrim\u00f4nio da humanidade.<\/span><\/p>\n<p class=\"p1\"><span class=\"s1\">Depois de conclu\u00eddo o processo do PPCUB ( a Camara Legislativa ainda analisar\u00e1 os vetos), o GDF vai se empenhar no andamento da revis\u00e3o e atualiza\u00e7\u00e3o do PDOT, que tem impacto ainda maior, pois abrange todo Distrito Federal.<\/span><\/p>\n","protected":false},"excerpt":{"rendered":"<p>Decis\u00e3o vai ao encontro do que Iphan e CAU defendiam Por Samanta Sallum\u00a0 O governador Ibaneis Rocha vetou o artigo 175 do Plano de Preserva\u00e7\u00e3o do Conjunto Urban\u00edstico de Bras\u00edlia (PPCUB).\u00a0Esse artigo transferia para a Terracap as chamadas \u00e1reas remanescentes da regi\u00e3o tombada. E, assim, poderiam ser vendidas para outros fins. O Iphan e o CAU\/DF tinham emitido notas t\u00e9cnicas [&hellip;]<\/p>\n","protected":false},"author":125,"featured_media":16930,"comment_status":"open","ping_status":"open","sticky":false,"template":"","format":"standard","meta":{"footnotes":""},"categories":[6],"tags":[203,566,568,1597,39,70],"class_list":["post-16923","post","type-post","status-publish","format-standard","has-post-thumbnail","hentry","category-coluna-capital-s-a","tag-gdf","tag-iphan","tag-ppcub","tag-tombamento","tag-cau-df","tag-ibaneis"],"_links":{"self":[{"href":"https:\/\/blogs.correiobraziliense.com.br\/capital-sa\/wp-json\/wp\/v2\/posts\/16923","targetHints":{"allow":["GET"]}}],"collection":[{"href":"https:\/\/blogs.correiobraziliense.com.br\/capital-sa\/wp-json\/wp\/v2\/posts"}],"about":[{"href":"https:\/\/blogs.correiobraziliense.com.br\/capital-sa\/wp-json\/wp\/v2\/types\/post"}],"author":[{"embeddable":true,"href":"https:\/\/blogs.correiobraziliense.com.br\/capital-sa\/wp-json\/wp\/v2\/users\/125"}],"replies":[{"embeddable":true,"href":"https:\/\/blogs.correiobraziliense.com.br\/capital-sa\/wp-json\/wp\/v2\/comments?post=16923"}],"version-history":[{"count":10,"href":"https:\/\/blogs.correiobraziliense.com.br\/capital-sa\/wp-json\/wp\/v2\/posts\/16923\/revisions"}],"predecessor-version":[{"id":16934,"href":"https:\/\/blogs.correiobraziliense.com.br\/capital-sa\/wp-json\/wp\/v2\/posts\/16923\/revisions\/16934"}],"wp:featuredmedia":[{"embeddable":true,"href":"https:\/\/blogs.correiobraziliense.com.br\/capital-sa\/wp-json\/wp\/v2\/media\/16930"}],"wp:attachment":[{"href":"https:\/\/blogs.correiobraziliense.com.br\/capital-sa\/wp-json\/wp\/v2\/media?parent=16923"}],"wp:term":[{"taxonomy":"category","embeddable":true,"href":"https:\/\/blogs.correiobraziliense.com.br\/capital-sa\/wp-json\/wp\/v2\/categories?post=16923"},{"taxonomy":"post_tag","embeddable":true,"href":"https:\/\/blogs.correiobraziliense.com.br\/capital-sa\/wp-json\/wp\/v2\/tags?post=16923"}],"curies":[{"name":"wp","href":"https:\/\/api.w.org\/{rel}","templated":true}]}}