{"id":16892,"date":"2024-08-08T15:58:06","date_gmt":"2024-08-08T18:58:06","guid":{"rendered":"https:\/\/blogs.correiobraziliense.com.br\/capital-sa\/?p=16892"},"modified":"2024-08-08T22:11:14","modified_gmt":"2024-08-09T01:11:14","slug":"ppcub-tera-63-vetos-nao-devemos-mexer-muito-na-cidade-diz-ibaneis","status":"publish","type":"post","link":"https:\/\/blogs.correiobraziliense.com.br\/capital-sa\/2024\/08\/08\/ppcub-tera-63-vetos-nao-devemos-mexer-muito-na-cidade-diz-ibaneis\/","title":{"rendered":"PPCUB ter\u00e1 63 vetos. \u201cN\u00e3o devemos mexer muito na cidade\u201d, diz Ibaneis"},"content":{"rendered":"<p class=\"p1\"><strong>Por Samanta Sallum<\/strong><\/p>\n<p class=\"p1\"><span class=\"s1\">O governador Ibaneis Rocha disse ao <strong>Correio<\/strong> que o projeto de lei do Plano de Preserva\u00e7\u00e3o do Conjunto Urban\u00edstico de Bras\u00edlia (PPCUB) deve ter 63 vetos. Explicou que s\u00e3o necess\u00e1rios para preservar a regi\u00e3o tombada. \u201cAcho que n\u00e3o devemos mexer muito na configura\u00e7\u00e3o da cidade. O importante \u00e9 dar seguran\u00e7a jur\u00eddica \u00e0 lei que ser\u00e1 sancionada\u201d, afirmou.<br \/>\n<\/span><\/p>\n<p class=\"p1\"><span class=\"s1\">Ele explicou que ainda far\u00e1 a defini\u00e7\u00e3o final dos vetos, mas que j\u00e1 tem uma previs\u00e3o da parte da vers\u00e3o aprovada pelos distritais que pode ser cortada da publica\u00e7\u00e3o da lei.<\/span><\/p>\n<p class=\"p1\"><span class=\"s1\">Apesar de n\u00e3o apontar exemplos do que ser\u00e1 vetado, h\u00e1 a possibilidade de barrar o\u00a0<\/span>aumento de gabarito de proje\u00e7\u00f5es no Setor Hoteleiro, que foi alvo de pol\u00eamica. Perguntado pelo blog se a pol\u00eamica em torno do projeto estava pacificada, respondeu: \u201cpacificado \u00e9 dif\u00edcil, n\u00e3o seria bem a palavra, mas vamos fazer o melhor para a cidade\u201d, comentou.<\/p>\n<p class=\"p1\"><span class=\"s1\">Ser\u00e1 realizada uma solenidade no Pal\u00e1cio do Buriti, na pr\u00f3xima segunda-feira, 10h, para sancionar o PPCUB. \u201cA Secretaria de Desenvolvimento Urbano concluiu o estudo t\u00e9cnico hoje sobre o projeto aprovado na C\u00e2mara. Vamos terminar de analisar nos pr\u00f3ximos dias e, na segunda-feira, teremos uma solenidade para sancionar \u201d, disse o governador.<\/span><\/p>\n<p class=\"p1\"><span class=\"s1\">Ibaneis j\u00e1 tinha sinalizado antes quatro vetos na lei: a permiss\u00e3o de hot\u00e9is e mot\u00e9is\u00a0nas quadras 700 e 900; com\u00e9rcio e presta\u00e7\u00e3o de servi\u00e7os no Setor de Embaixadas; a cria\u00e7\u00e3o de camping no final da L4 Sul e altera\u00e7\u00e3o de lotes na W3 sul.<\/span><\/p>\n<p class=\"p1\">Ibaneis participou do almo\u00e7o-debate do Grupo de Lideran\u00e7as Empresariais do DF, organizado pelo empres\u00e1rio Paulo Oct\u00e1vio. O palestrante convidado foi o presidente da Fecom\u00e9rcio\/DF, Jos\u00e9 Aparecido Freire. Tamb\u00e9m estiveram presentes representantes da Fibra, da Ademi e do Sinduscon.<\/p>\n<p>Est\u00e1 correndo o prazo legal para que o governador Ibaneis Rocha sancione a Projeto de lei do Plano de Preserva\u00e7\u00e3o do Conjunto Urban\u00edstico de Bras\u00edlia (PPCUB) aprovado pelos deputados distritais em\u00a016 de junho. A data limite \u00e9 13 de agosto, pr\u00f3xima ter\u00e7a-feira. O prazo \u00e9 de 15 dias, a partir do chegada do projeto ao GDF. A C\u00e2mara Legislativa enviou a vers\u00e3o final na semana passada, ao Pal\u00e1cio do Buriti.<\/p>\n<p>A Secretaria de Desenvolvimento Urbano e Habita\u00e7\u00e3o se debru\u00e7ou sobre o texto do projeto analisando a vers\u00e3o final que foi aprovada, depois de 107 emendas parlamentares.<\/p>\n","protected":false},"excerpt":{"rendered":"<p>Por Samanta Sallum O governador Ibaneis Rocha disse ao Correio que o projeto de lei do Plano de Preserva\u00e7\u00e3o do Conjunto Urban\u00edstico de Bras\u00edlia (PPCUB) deve ter 63 vetos. Explicou que s\u00e3o necess\u00e1rios para preservar a regi\u00e3o tombada. \u201cAcho que n\u00e3o devemos mexer muito na configura\u00e7\u00e3o da cidade. O importante \u00e9 dar seguran\u00e7a jur\u00eddica \u00e0 lei que ser\u00e1 sancionada\u201d, afirmou. [&hellip;]<\/p>\n","protected":false},"author":125,"featured_media":16899,"comment_status":"open","ping_status":"open","sticky":false,"template":"","format":"standard","meta":{"footnotes":""},"categories":[6],"tags":[1686,962,734,203,1544,568,1597,70],"class_list":["post-16892","post","type-post","status-publish","format-standard","has-post-thumbnail","hentry","category-coluna-capital-s-a","tag-cldf","tag-desenvolvimento","tag-fecomercio-df","tag-gdf","tag-habitacao","tag-ppcub","tag-tombamento","tag-ibaneis"],"_links":{"self":[{"href":"https:\/\/blogs.correiobraziliense.com.br\/capital-sa\/wp-json\/wp\/v2\/posts\/16892","targetHints":{"allow":["GET"]}}],"collection":[{"href":"https:\/\/blogs.correiobraziliense.com.br\/capital-sa\/wp-json\/wp\/v2\/posts"}],"about":[{"href":"https:\/\/blogs.correiobraziliense.com.br\/capital-sa\/wp-json\/wp\/v2\/types\/post"}],"author":[{"embeddable":true,"href":"https:\/\/blogs.correiobraziliense.com.br\/capital-sa\/wp-json\/wp\/v2\/users\/125"}],"replies":[{"embeddable":true,"href":"https:\/\/blogs.correiobraziliense.com.br\/capital-sa\/wp-json\/wp\/v2\/comments?post=16892"}],"version-history":[{"count":10,"href":"https:\/\/blogs.correiobraziliense.com.br\/capital-sa\/wp-json\/wp\/v2\/posts\/16892\/revisions"}],"predecessor-version":[{"id":16903,"href":"https:\/\/blogs.correiobraziliense.com.br\/capital-sa\/wp-json\/wp\/v2\/posts\/16892\/revisions\/16903"}],"wp:featuredmedia":[{"embeddable":true,"href":"https:\/\/blogs.correiobraziliense.com.br\/capital-sa\/wp-json\/wp\/v2\/media\/16899"}],"wp:attachment":[{"href":"https:\/\/blogs.correiobraziliense.com.br\/capital-sa\/wp-json\/wp\/v2\/media?parent=16892"}],"wp:term":[{"taxonomy":"category","embeddable":true,"href":"https:\/\/blogs.correiobraziliense.com.br\/capital-sa\/wp-json\/wp\/v2\/categories?post=16892"},{"taxonomy":"post_tag","embeddable":true,"href":"https:\/\/blogs.correiobraziliense.com.br\/capital-sa\/wp-json\/wp\/v2\/tags?post=16892"}],"curies":[{"name":"wp","href":"https:\/\/api.w.org\/{rel}","templated":true}]}}