{"id":16883,"date":"2024-08-08T13:26:52","date_gmt":"2024-08-08T16:26:52","guid":{"rendered":"https:\/\/blogs.correiobraziliense.com.br\/capital-sa\/?p=16883"},"modified":"2024-08-08T15:00:48","modified_gmt":"2024-08-08T18:00:48","slug":"ppcub-sera-sancionado-na-proxima-segunda-feira","status":"publish","type":"post","link":"https:\/\/blogs.correiobraziliense.com.br\/capital-sa\/2024\/08\/08\/ppcub-sera-sancionado-na-proxima-segunda-feira\/","title":{"rendered":"PPCUB ser\u00e1 sancionado na pr\u00f3xima segunda-feira"},"content":{"rendered":"<p><strong>Por Samanta Sallum\u00a0<\/strong><\/p>\n<p class=\"p2\"><span class=\"s1\">O governador Ibaneis Rocha adiantou que pretende realizar uma solenidade no Pal\u00e1cio do Buriti, na pr\u00f3xima segunda-feira, para sancionar o Plano de Preserva\u00e7\u00e3o do Conjunto Urban\u00edstico de Bras\u00edlia (PPCUB). \u201cA Secretaria de Desenvolvimento Urbano concluiu o estudo t\u00e9cnico hoje sobre o projeto aprovado na C\u00e2mara. Vamos terminar de analisar nos pr\u00f3ximos dias e, na segunda-feira, teremos uma solenidade para sancionar o projeto\u201d, disse o governador.<span class=\"Apple-converted-space\">\u00a0 <\/span>Perguntado pelo blog se a pol\u00eamica em torno do projeto estava pacificada respondeu ao Correio: \u201cpacificado \u00e9 dif\u00edcil, n\u00e3o seria bem a palavra, mas vamos fazer o melhor para a cidade\u201d, comentou.<br \/>\n<\/span><br \/>\nEst\u00e1 correndo o prazo legal para que o governador Ibaneis Rocha sancione a Projeto de lei do Plano de Preserva\u00e7\u00e3o do Conjunto Urban\u00edstico de Bras\u00edlia (PPCUB) aprovado pelos deputados distritais em\u00a016 de junho. A data limite \u00e9 13 de agosto, pr\u00f3xima ter\u00e7a-feira. O prazo \u00e9 de 15 dias, a partir do chegada do projeto ao GDF. A C\u00e2mara Legislativa enviou a vers\u00e3o final na semana passada, ao Pal\u00e1cio do Buriti.<\/p>\n<p class=\"p2\"><span class=\"s1\">A Secretaria de Desenvolvimento Urbano e Habita\u00e7\u00e3o se debru\u00e7ou sobre o texto do projeto analisando a vers\u00e3o final que foi aprovada, depois de 107 emendas parlamentares. Al<\/span><\/p>\n<p class=\"p2\"><span class=\"s1\">O Instituto do Patrim\u00f4nio Hist\u00f3rico e Art\u00edstico Nacional (Iphan) \u00a0se adiantou e apresentou uma nota t\u00e9cnica na semana passada sobre a reda\u00e7\u00e3o final do Projeto de Preserva\u00e7\u00e3o do Conjunto Urban\u00edstico de Bras\u00edlia (PPCUB).<\/span><\/p>\n","protected":false},"excerpt":{"rendered":"<p>Por Samanta Sallum\u00a0 O governador Ibaneis Rocha adiantou que pretende realizar uma solenidade no Pal\u00e1cio do Buriti, na pr\u00f3xima segunda-feira, para sancionar o Plano de Preserva\u00e7\u00e3o do Conjunto Urban\u00edstico de Bras\u00edlia (PPCUB). \u201cA Secretaria de Desenvolvimento Urbano concluiu o estudo t\u00e9cnico hoje sobre o projeto aprovado na C\u00e2mara. Vamos terminar de analisar nos pr\u00f3ximos dias e, na segunda-feira, teremos uma [&hellip;]<\/p>\n","protected":false},"author":125,"featured_media":16887,"comment_status":"open","ping_status":"open","sticky":false,"template":"","format":"standard","meta":{"footnotes":""},"categories":[6],"tags":[],"class_list":["post-16883","post","type-post","status-publish","format-standard","has-post-thumbnail","hentry","category-coluna-capital-s-a"],"_links":{"self":[{"href":"https:\/\/blogs.correiobraziliense.com.br\/capital-sa\/wp-json\/wp\/v2\/posts\/16883","targetHints":{"allow":["GET"]}}],"collection":[{"href":"https:\/\/blogs.correiobraziliense.com.br\/capital-sa\/wp-json\/wp\/v2\/posts"}],"about":[{"href":"https:\/\/blogs.correiobraziliense.com.br\/capital-sa\/wp-json\/wp\/v2\/types\/post"}],"author":[{"embeddable":true,"href":"https:\/\/blogs.correiobraziliense.com.br\/capital-sa\/wp-json\/wp\/v2\/users\/125"}],"replies":[{"embeddable":true,"href":"https:\/\/blogs.correiobraziliense.com.br\/capital-sa\/wp-json\/wp\/v2\/comments?post=16883"}],"version-history":[{"count":7,"href":"https:\/\/blogs.correiobraziliense.com.br\/capital-sa\/wp-json\/wp\/v2\/posts\/16883\/revisions"}],"predecessor-version":[{"id":16891,"href":"https:\/\/blogs.correiobraziliense.com.br\/capital-sa\/wp-json\/wp\/v2\/posts\/16883\/revisions\/16891"}],"wp:featuredmedia":[{"embeddable":true,"href":"https:\/\/blogs.correiobraziliense.com.br\/capital-sa\/wp-json\/wp\/v2\/media\/16887"}],"wp:attachment":[{"href":"https:\/\/blogs.correiobraziliense.com.br\/capital-sa\/wp-json\/wp\/v2\/media?parent=16883"}],"wp:term":[{"taxonomy":"category","embeddable":true,"href":"https:\/\/blogs.correiobraziliense.com.br\/capital-sa\/wp-json\/wp\/v2\/categories?post=16883"},{"taxonomy":"post_tag","embeddable":true,"href":"https:\/\/blogs.correiobraziliense.com.br\/capital-sa\/wp-json\/wp\/v2\/tags?post=16883"}],"curies":[{"name":"wp","href":"https:\/\/api.w.org\/{rel}","templated":true}]}}