{"id":16860,"date":"2024-08-07T17:24:19","date_gmt":"2024-08-07T20:24:19","guid":{"rendered":"https:\/\/blogs.correiobraziliense.com.br\/capital-sa\/?p=16860"},"modified":"2024-08-07T17:55:39","modified_gmt":"2024-08-07T20:55:39","slug":"veja-nova-composicao-de-comando-na-camara-legislativa","status":"publish","type":"post","link":"https:\/\/blogs.correiobraziliense.com.br\/capital-sa\/2024\/08\/07\/veja-nova-composicao-de-comando-na-camara-legislativa\/","title":{"rendered":"Veja nova composi\u00e7\u00e3o de comando na C\u00e2mara Legislativa"},"content":{"rendered":"<p class=\"p1\"><strong>Por Samanta Sallum<\/strong><\/p>\n<p class=\"p1\"><span class=\"s1\">Os deputados distritais est\u00e3o concluindo, na tarde de hoje, a vota\u00e7\u00e3o para a Mesa Diretora. Wellington Luiz (MDB) e Ricardo Vale (PT) j\u00e1 est\u00e3o reeleitos presidente e vice-presidente da C\u00e2mara Legislativa do DF. Foram criados dois novos cargos na dire\u00e7\u00e3o da Casa: a 2\u00aa vice-presid\u00eancia e a 4\u00aa secretaria.<\/span><\/p>\n<p class=\"p1\"><span class=\"s1\">Tamb\u00e9m est\u00e3o sendo definidas lideran\u00e7as no comando das comiss\u00f5es. Tamb\u00e9m houve aumento do n\u00famero de comiss\u00f5es. A de Educa\u00e7\u00e3o, Sa\u00fade que Cultura foi desmembrada. Agora h\u00e1 uma espec\u00edfica para a Sa\u00fade e a presid\u00eancia ficou com Dayse Amarillo (PSB). Gabriel Magno (PT) ficou com a outra parte.<\/span><\/p>\n<p class=\"p1\"><strong><span class=\"s1\">Confira os parlamentares eleitos na Mesa Diretora para o Bi\u00eanio 2025\/26.<\/span><\/strong><\/p>\n<p class=\"p1\"><span class=\"s1\">Presidente: Wellington Luiz <\/span><\/p>\n<p class=\"p1\"><span class=\"s1\">1\u00ba vice: Ricardo Vale<\/span><\/p>\n<p class=\"p1\"><span class=\"s1\">2\u00aa vice: Paula Belmonte (Cidadania)<\/span><\/p>\n<p class=\"p1\"><span class=\"s1\">1\u00ba Sec: Pastor Daniel de Castro (Progressistas)<\/span><\/p>\n<p class=\"p1\"><span class=\"s1\">2\u00ba Sec: Roosevelt Vilela (PL)<\/span><\/p>\n<p class=\"p1\"><span class=\"s1\">3\u00ba Sec: Martins Machado (Republicanos)<\/span><\/p>\n<p class=\"p1\"><span class=\"s1\">4\u00ba Sec: Rob\u00e9rio Negreiros (PSD)<\/span><\/p>\n<p class=\"p1\"><span class=\"s1\">Ouvidor: Jorge Viana (PSD)<\/span><\/p>\n<p class=\"p1\"><span class=\"s1\">Corregedor: Joaquim Roriz Neto (PL)<\/span><\/p>\n","protected":false},"excerpt":{"rendered":"<p>Por Samanta Sallum Os deputados distritais est\u00e3o concluindo, na tarde de hoje, a vota\u00e7\u00e3o para a Mesa Diretora. Wellington Luiz (MDB) e Ricardo Vale (PT) j\u00e1 est\u00e3o reeleitos presidente e vice-presidente da C\u00e2mara Legislativa do DF. Foram criados dois novos cargos na dire\u00e7\u00e3o da Casa: a 2\u00aa vice-presid\u00eancia e a 4\u00aa secretaria. Tamb\u00e9m est\u00e3o sendo definidas lideran\u00e7as no comando das [&hellip;]<\/p>\n","protected":false},"author":125,"featured_media":16873,"comment_status":"open","ping_status":"open","sticky":false,"template":"","format":"standard","meta":{"footnotes":""},"categories":[6],"tags":[],"class_list":["post-16860","post","type-post","status-publish","format-standard","has-post-thumbnail","hentry","category-coluna-capital-s-a"],"_links":{"self":[{"href":"https:\/\/blogs.correiobraziliense.com.br\/capital-sa\/wp-json\/wp\/v2\/posts\/16860","targetHints":{"allow":["GET"]}}],"collection":[{"href":"https:\/\/blogs.correiobraziliense.com.br\/capital-sa\/wp-json\/wp\/v2\/posts"}],"about":[{"href":"https:\/\/blogs.correiobraziliense.com.br\/capital-sa\/wp-json\/wp\/v2\/types\/post"}],"author":[{"embeddable":true,"href":"https:\/\/blogs.correiobraziliense.com.br\/capital-sa\/wp-json\/wp\/v2\/users\/125"}],"replies":[{"embeddable":true,"href":"https:\/\/blogs.correiobraziliense.com.br\/capital-sa\/wp-json\/wp\/v2\/comments?post=16860"}],"version-history":[{"count":21,"href":"https:\/\/blogs.correiobraziliense.com.br\/capital-sa\/wp-json\/wp\/v2\/posts\/16860\/revisions"}],"predecessor-version":[{"id":16882,"href":"https:\/\/blogs.correiobraziliense.com.br\/capital-sa\/wp-json\/wp\/v2\/posts\/16860\/revisions\/16882"}],"wp:featuredmedia":[{"embeddable":true,"href":"https:\/\/blogs.correiobraziliense.com.br\/capital-sa\/wp-json\/wp\/v2\/media\/16873"}],"wp:attachment":[{"href":"https:\/\/blogs.correiobraziliense.com.br\/capital-sa\/wp-json\/wp\/v2\/media?parent=16860"}],"wp:term":[{"taxonomy":"category","embeddable":true,"href":"https:\/\/blogs.correiobraziliense.com.br\/capital-sa\/wp-json\/wp\/v2\/categories?post=16860"},{"taxonomy":"post_tag","embeddable":true,"href":"https:\/\/blogs.correiobraziliense.com.br\/capital-sa\/wp-json\/wp\/v2\/tags?post=16860"}],"curies":[{"name":"wp","href":"https:\/\/api.w.org\/{rel}","templated":true}]}}