{"id":16838,"date":"2024-08-05T15:37:16","date_gmt":"2024-08-05T18:37:16","guid":{"rendered":"https:\/\/blogs.correiobraziliense.com.br\/capital-sa\/?p=16838"},"modified":"2024-08-05T22:28:08","modified_gmt":"2024-08-06T01:28:08","slug":"supercomputador-brasileiro-entre-os-cinco-mais-potentes-do-mundo","status":"publish","type":"post","link":"https:\/\/blogs.correiobraziliense.com.br\/capital-sa\/2024\/08\/05\/supercomputador-brasileiro-entre-os-cinco-mais-potentes-do-mundo\/","title":{"rendered":"Supercomputador brasileiro entre os cinco mais potentes do mundo"},"content":{"rendered":"<p class=\"p1\"><strong>Por Samanta Sallum\u00a0<\/strong><\/p>\n<p class=\"p1\"><span class=\"s1\">O governo federal anunciou R$ 23 bilh\u00f5es para um plano nacional de investimento em intelig\u00eancia artificial nos pr\u00f3ximos cinco anos.<span class=\"Apple-converted-space\">\u00a0A ministra da Ci\u00eancia e Tecnologia, Luciana Santos, disse que uma das metas do programa \u00e9 criar um supercomputador brasileiro que esteja entre os cinco mais potentes do mundo.<\/span><\/span><\/p>\n<p class=\"p1\"><span class=\"s1\">\u201cA capacidade de processamento de dados \u00e9 essencial para a intelig\u00eancia artificial. Estamos planejando montar um supercomputador e o local escolhido \u00e9 o LNCC (Laborat\u00f3rio Nacional de Ci\u00eancia da Computa\u00e7\u00e3o), em Petr\u00f3polis (RJ), o Santos Dumont. Investiremos para que ele esteja entre os cinco maiores supercomputadores do mundo daqui a cinco anos. Tamb\u00e9m teremos data centers espalhados pelas regi\u00f5es do pa\u00eds\u201d, adiantou a ministra em entrevista ao programa CB Poder, parceria entre a TV Bras\u00edlia e o Correio Braziliense.<\/span><\/p>\n<p class=\"p1\"><span class=\"s1\">Segundo ela, um pressuposto importante \u00e9 a sustentabilidade. \u201cOs supercomputadores e data centers consomem muita \u00e1gua e energia. Se o Brasil adotar uma matriz renov\u00e1vel, isso se tornar\u00e1 um diferencial competitivo\u201d, refor\u00e7ou.<\/span><\/p>\n<p>O Plano Brasileiro de Intelig\u00eancia Artificial prev\u00ea \u00a031 a\u00e7\u00f5es no servi\u00e7o p\u00fablico. Os setores priorit\u00e1rios ser\u00e3o os minist\u00e9rios da Sa\u00fade, da Educa\u00e7\u00e3o, do Trabalho, do Desenvol- vimento Social e da Agricultura. \u201cAs entregas come\u00e7am em dezembro, como parte de um plano piloto para melhorar a qualidade do servi\u00e7o p\u00fablico para popula\u00e7\u00e3o\u201d, explicou a ministra.<\/p>\n","protected":false},"excerpt":{"rendered":"<p>Por Samanta Sallum\u00a0 O governo federal anunciou R$ 23 bilh\u00f5es para um plano nacional de investimento em intelig\u00eancia artificial nos pr\u00f3ximos cinco anos.\u00a0A ministra da Ci\u00eancia e Tecnologia, Luciana Santos, disse que uma das metas do programa \u00e9 criar um supercomputador brasileiro que esteja entre os cinco mais potentes do mundo. \u201cA capacidade de processamento de dados \u00e9 essencial para [&hellip;]<\/p>\n","protected":false},"author":125,"featured_media":16845,"comment_status":"open","ping_status":"open","sticky":false,"template":"","format":"standard","meta":{"footnotes":""},"categories":[6],"tags":[1616,2312,1268,326,33],"class_list":["post-16838","post","type-post","status-publish","format-standard","has-post-thumbnail","hentry","category-coluna-capital-s-a","tag-ciencia","tag-federal","tag-governo","tag-sustentabilidade","tag-tecnologia"],"_links":{"self":[{"href":"https:\/\/blogs.correiobraziliense.com.br\/capital-sa\/wp-json\/wp\/v2\/posts\/16838","targetHints":{"allow":["GET"]}}],"collection":[{"href":"https:\/\/blogs.correiobraziliense.com.br\/capital-sa\/wp-json\/wp\/v2\/posts"}],"about":[{"href":"https:\/\/blogs.correiobraziliense.com.br\/capital-sa\/wp-json\/wp\/v2\/types\/post"}],"author":[{"embeddable":true,"href":"https:\/\/blogs.correiobraziliense.com.br\/capital-sa\/wp-json\/wp\/v2\/users\/125"}],"replies":[{"embeddable":true,"href":"https:\/\/blogs.correiobraziliense.com.br\/capital-sa\/wp-json\/wp\/v2\/comments?post=16838"}],"version-history":[{"count":9,"href":"https:\/\/blogs.correiobraziliense.com.br\/capital-sa\/wp-json\/wp\/v2\/posts\/16838\/revisions"}],"predecessor-version":[{"id":16856,"href":"https:\/\/blogs.correiobraziliense.com.br\/capital-sa\/wp-json\/wp\/v2\/posts\/16838\/revisions\/16856"}],"wp:featuredmedia":[{"embeddable":true,"href":"https:\/\/blogs.correiobraziliense.com.br\/capital-sa\/wp-json\/wp\/v2\/media\/16845"}],"wp:attachment":[{"href":"https:\/\/blogs.correiobraziliense.com.br\/capital-sa\/wp-json\/wp\/v2\/media?parent=16838"}],"wp:term":[{"taxonomy":"category","embeddable":true,"href":"https:\/\/blogs.correiobraziliense.com.br\/capital-sa\/wp-json\/wp\/v2\/categories?post=16838"},{"taxonomy":"post_tag","embeddable":true,"href":"https:\/\/blogs.correiobraziliense.com.br\/capital-sa\/wp-json\/wp\/v2\/tags?post=16838"}],"curies":[{"name":"wp","href":"https:\/\/api.w.org\/{rel}","templated":true}]}}