{"id":16809,"date":"2024-07-30T14:33:39","date_gmt":"2024-07-30T17:33:39","guid":{"rendered":"https:\/\/blogs.correiobraziliense.com.br\/capital-sa\/?p=16809"},"modified":"2024-07-30T19:04:21","modified_gmt":"2024-07-30T22:04:21","slug":"data-limite-do-gdf-para-sancao-do-ppcub-e-13-de-agosto","status":"publish","type":"post","link":"https:\/\/blogs.correiobraziliense.com.br\/capital-sa\/2024\/07\/30\/data-limite-do-gdf-para-sancao-do-ppcub-e-13-de-agosto\/","title":{"rendered":"Data-limite do GDF para san\u00e7\u00e3o do PPCUB \u00e9 13 de agosto"},"content":{"rendered":"<p><em>Iphan j\u00e1 fez an\u00e1lise do projeto aprovado pelos deputados distritais e aponta pontos cr\u00edticos<\/em><\/p>\n<p>Por Samanta Sallum<\/p>\n<p>J\u00e1 est\u00e1 correndo o prazo legal para que o governador Ibaneis Rocha sancione a Projeto de lei do Plano de Preserva\u00e7\u00e3o do Conjunto Urban\u00edstico de Bras\u00edlia (PPCUB) aprovado pelos deputados distritais em\u00a016 de junho. O prazo \u00e9 de 15 dias, a partir do chegada do projeto ao GDF. A C\u00e2mara Legislativa enviou a vers\u00e3o final na semana passada ao Pal\u00e1cio do Buriti.<\/p>\n<figure id=\"attachment_16810\" aria-describedby=\"caption-attachment-16810\" style=\"width: 1024px\" class=\"wp-caption alignnone\"><img loading=\"lazy\" decoding=\"async\" class=\"size-large wp-image-16810\" src=\"https:\/\/blogs.correiobraziliense.com.br\/capital-sa\/wp-content\/uploads\/sites\/59\/2024\/07\/demolicao-31975878-1024x682.jpg\" alt=\"\" width=\"1024\" height=\"682\" srcset=\"https:\/\/blogs.correiobraziliense.com.br\/capital-sa\/wp-content\/uploads\/sites\/59\/2024\/07\/demolicao-31975878-1024x682.jpg 1024w, https:\/\/blogs.correiobraziliense.com.br\/capital-sa\/wp-content\/uploads\/sites\/59\/2024\/07\/demolicao-31975878-300x200.jpg 300w, https:\/\/blogs.correiobraziliense.com.br\/capital-sa\/wp-content\/uploads\/sites\/59\/2024\/07\/demolicao-31975878-768x511.jpg 768w, https:\/\/blogs.correiobraziliense.com.br\/capital-sa\/wp-content\/uploads\/sites\/59\/2024\/07\/demolicao-31975878-800x533.jpg 800w, https:\/\/blogs.correiobraziliense.com.br\/capital-sa\/wp-content\/uploads\/sites\/59\/2024\/07\/demolicao-31975878-550x366.jpg 550w, https:\/\/blogs.correiobraziliense.com.br\/capital-sa\/wp-content\/uploads\/sites\/59\/2024\/07\/demolicao-31975878-230x153.jpg 230w, https:\/\/blogs.correiobraziliense.com.br\/capital-sa\/wp-content\/uploads\/sites\/59\/2024\/07\/demolicao-31975878.jpg 1200w\" sizes=\"auto, (max-width: 1024px) 100vw, 1024px\" \/><figcaption id=\"caption-attachment-16810\" class=\"wp-caption-text\">O PPCUB estabelece normas para constru\u00e7\u00f5es na \u00e1rea tombada de Bras\u00edlia \u2014 Khalil Santos\/CB\/D.A Press<\/figcaption><\/figure>\n<p>A Secretaria de Desenvolvimento Urbano e Habita\u00e7\u00e3o est\u00e1 debru\u00e7ada sobre o texto do projeto analisando a vers\u00e3o final que foi aprovada, depois de 107 emendas parlamentares. A previs\u00e3o \u00e9 de que na semana que vem, a Seduh fa\u00e7a uma apresenta\u00e7\u00e3o t\u00e9cnica ao governador para subsidi\u00e1-lo nos vetos a artigos do projeto. Mas, al\u00e9m dos apontamentos t\u00e9cnicos da secretaria, h\u00e1 o crit\u00e9rio pol\u00edtico que s\u00f3 cabe, neste caso, ao governador Ibaneis.<\/p>\n<p>O Instituto do Patrim\u00f4nio Hist\u00f3rico e Art\u00edstico Nacional (Iphan) j\u00e1 se adiantou e apresentar\u00e1 na tarde de hoje nota t\u00e9cnica sobre a reda\u00e7\u00e3o final do Projeto de Preserva\u00e7\u00e3o do Conjunto Urban\u00edstico de Bras\u00edlia (PPCUB). \u201cUm trabalho herc\u00faleo da nossa equipe de superintend\u00eancia de Bras\u00edlia. Fizemos uma an\u00e1lise do que pode ferir a lei federal sobre tombamento hist\u00f3rico. E vamos apresentar ainda hoje\u201d, explicou ao <strong>Correio<\/strong> o presidente do Iphan, Leandro Grass.<\/p>\n","protected":false},"excerpt":{"rendered":"<p>Iphan j\u00e1 fez an\u00e1lise do projeto aprovado pelos deputados distritais e aponta pontos cr\u00edticos Por Samanta Sallum J\u00e1 est\u00e1 correndo o prazo legal para que o governador Ibaneis Rocha sancione a Projeto de lei do Plano de Preserva\u00e7\u00e3o do Conjunto Urban\u00edstico de Bras\u00edlia (PPCUB) aprovado pelos deputados distritais em\u00a016 de junho. O prazo \u00e9 de 15 dias, a partir do [&hellip;]<\/p>\n","protected":false},"author":124,"featured_media":16810,"comment_status":"open","ping_status":"open","sticky":false,"template":"","format":"standard","meta":{"footnotes":""},"categories":[2344],"tags":[1686,962,203,566,1428,568,1595,1054,1597,70],"class_list":["post-16809","post","type-post","status-publish","format-standard","has-post-thumbnail","hentry","category-materia","tag-cldf","tag-desenvolvimento","tag-gdf","tag-iphan","tag-leandrograss","tag-ppcub","tag-preservacao","tag-seduh","tag-tombamento","tag-ibaneis"],"_links":{"self":[{"href":"https:\/\/blogs.correiobraziliense.com.br\/capital-sa\/wp-json\/wp\/v2\/posts\/16809","targetHints":{"allow":["GET"]}}],"collection":[{"href":"https:\/\/blogs.correiobraziliense.com.br\/capital-sa\/wp-json\/wp\/v2\/posts"}],"about":[{"href":"https:\/\/blogs.correiobraziliense.com.br\/capital-sa\/wp-json\/wp\/v2\/types\/post"}],"author":[{"embeddable":true,"href":"https:\/\/blogs.correiobraziliense.com.br\/capital-sa\/wp-json\/wp\/v2\/users\/124"}],"replies":[{"embeddable":true,"href":"https:\/\/blogs.correiobraziliense.com.br\/capital-sa\/wp-json\/wp\/v2\/comments?post=16809"}],"version-history":[{"count":3,"href":"https:\/\/blogs.correiobraziliense.com.br\/capital-sa\/wp-json\/wp\/v2\/posts\/16809\/revisions"}],"predecessor-version":[{"id":16824,"href":"https:\/\/blogs.correiobraziliense.com.br\/capital-sa\/wp-json\/wp\/v2\/posts\/16809\/revisions\/16824"}],"wp:featuredmedia":[{"embeddable":true,"href":"https:\/\/blogs.correiobraziliense.com.br\/capital-sa\/wp-json\/wp\/v2\/media\/16810"}],"wp:attachment":[{"href":"https:\/\/blogs.correiobraziliense.com.br\/capital-sa\/wp-json\/wp\/v2\/media?parent=16809"}],"wp:term":[{"taxonomy":"category","embeddable":true,"href":"https:\/\/blogs.correiobraziliense.com.br\/capital-sa\/wp-json\/wp\/v2\/categories?post=16809"},{"taxonomy":"post_tag","embeddable":true,"href":"https:\/\/blogs.correiobraziliense.com.br\/capital-sa\/wp-json\/wp\/v2\/tags?post=16809"}],"curies":[{"name":"wp","href":"https:\/\/api.w.org\/{rel}","templated":true}]}}