{"id":16787,"date":"2024-07-29T15:40:05","date_gmt":"2024-07-29T18:40:05","guid":{"rendered":"https:\/\/blogs.correiobraziliense.com.br\/capital-sa\/?p=16787"},"modified":"2024-07-29T17:44:48","modified_gmt":"2024-07-29T20:44:48","slug":"brasil-se-promove-como-destino-turistico-nas-olimpiadas-de-paris","status":"publish","type":"post","link":"https:\/\/blogs.correiobraziliense.com.br\/capital-sa\/2024\/07\/29\/brasil-se-promove-como-destino-turistico-nas-olimpiadas-de-paris\/","title":{"rendered":"Brasil se promove como destino tur\u00edstico nas Olimp\u00edadas de Paris"},"content":{"rendered":"<p><em>O mercado europeu \u00e9 um dos principais emiss\u00e1rios de turistas aos destinos brasileiros com destaque para Portugal, Alemanha, Fran\u00e7a e Inglaterra\u00a0<\/em><\/p>\n<p class=\"p1\"><strong>Por Samanta Sallum\u00a0<\/strong><\/p>\n<p class=\"p1\"><span class=\"s1\">A Embratur lan\u00e7ou, em Paris, a campanha <em>Visite o Brasil. Aqui voc\u00ea sempre ganha<\/em>, que promover\u00e1 os destinos brasileiros na Europa at\u00e9 <\/span><span class=\"s2\">31 de agosto<\/span><span class=\"s1\">. O evento foi realizado na Casa Brasil, durante os Jogos Ol\u00edmpicos, com as presen\u00e7as da primeira-dama, Janja Lula da Silva, e dos presidentes da Embratur, Marcelo Freixo, e do Sebrae, D\u00e9cio Lima. Janja apresentou o v\u00eddeo <em>Juntos Somos Imbat\u00edveis<\/em>, parte da campanha de mobiliza\u00e7\u00e3o pela Alian\u00e7a Global contra a Fome e a Pobreza.<br \/>\n<\/span><\/p>\n<p class=\"p1\"><span class=\"s1\">O v\u00eddeo, exibido no s\u00e1bado, conta com a participa\u00e7\u00e3o volunt\u00e1ria de mais de 20 atletas ol\u00edmpicos e paral\u00edmpicos, como Ra\u00ed do futebol, e passa a ser usado para aumentar o engajamento pela causa at\u00e9 a C\u00fapula de Chefes de Estado do G20, em novembro. O ex-jogador de futebol Ra\u00ed participou do evento.<\/span><\/p>\n<p class=\"p1\"><span class=\"s1\"><strong>Parceria<\/strong>\u00a0<\/span><\/p>\n<p class=\"p1\"><span class=\"s1\">A campanha de promo\u00e7\u00e3o do Brasil na Europa \u00e9 resultado de parceria entre a Embratur e o Sebrae. Ser\u00e1\u00a0<\/span>exibida em TVs, redes sociais, canais de internet e m\u00eddias exteriores espalhadas por ruas em t\u00e1xis e esta\u00e7\u00f5es de metr\u00f4 de seis pa\u00edses europeus: Fran\u00e7a, Alemanha, Inglaterra, Espanha, Portugal e It\u00e1lia.<\/p>\n<p class=\"p1\"><strong><span class=\"s1\">Mercado estrat\u00e9gico<\/span><\/strong><\/p>\n<p class=\"p1\"><span class=\"s1\">O mercado europeu \u00e9 um dos principais emiss\u00e1rios de turistas aos destinos brasileiros. Em 2023, o Brasil foi o destino de longa dist\u00e2ncia mais procurado pelos portugueses com 182.463 desembarques, registrando aumento de 21,85% em rela\u00e7\u00e3o a 2022.<\/span><\/p>\n<p class=\"p1\"><span class=\"s1\"> O cen\u00e1rio tamb\u00e9m \u00e9 positivo em rela\u00e7\u00e3o \u00e0 Alemanha. O Brasil foi o 3\u00ba destino com maior volume de viagens dos alem\u00e3es para a Am\u00e9rica Latina em 2023, sendo o 1\u00ba da Am\u00e9rica do Sul. Foram 158.582 alem\u00e3es visitando os destinos nacionais, atr\u00e1s apenas de pa\u00edses europeus como Portugal e Fran\u00e7a \u2013 um incremento de 31,42% de viajantes em rela\u00e7\u00e3o a 2022.<\/span><\/p>\n","protected":false},"excerpt":{"rendered":"<p>O mercado europeu \u00e9 um dos principais emiss\u00e1rios de turistas aos destinos brasileiros com destaque para Portugal, Alemanha, Fran\u00e7a e Inglaterra\u00a0 Por Samanta Sallum\u00a0 A Embratur lan\u00e7ou, em Paris, a campanha Visite o Brasil. Aqui voc\u00ea sempre ganha, que promover\u00e1 os destinos brasileiros na Europa at\u00e9 31 de agosto. O evento foi realizado na Casa Brasil, durante os Jogos Ol\u00edmpicos, [&hellip;]<\/p>\n","protected":false},"author":125,"featured_media":16790,"comment_status":"open","ping_status":"open","sticky":false,"template":"","format":"standard","meta":{"footnotes":""},"categories":[1],"tags":[1989,1580,333,50],"class_list":["post-16787","post","type-post","status-publish","format-standard","has-post-thumbnail","hentry","category-sem-categoria","tag-embratur","tag-mercado","tag-turismo","tag-sebrae"],"_links":{"self":[{"href":"https:\/\/blogs.correiobraziliense.com.br\/capital-sa\/wp-json\/wp\/v2\/posts\/16787","targetHints":{"allow":["GET"]}}],"collection":[{"href":"https:\/\/blogs.correiobraziliense.com.br\/capital-sa\/wp-json\/wp\/v2\/posts"}],"about":[{"href":"https:\/\/blogs.correiobraziliense.com.br\/capital-sa\/wp-json\/wp\/v2\/types\/post"}],"author":[{"embeddable":true,"href":"https:\/\/blogs.correiobraziliense.com.br\/capital-sa\/wp-json\/wp\/v2\/users\/125"}],"replies":[{"embeddable":true,"href":"https:\/\/blogs.correiobraziliense.com.br\/capital-sa\/wp-json\/wp\/v2\/comments?post=16787"}],"version-history":[{"count":2,"href":"https:\/\/blogs.correiobraziliense.com.br\/capital-sa\/wp-json\/wp\/v2\/posts\/16787\/revisions"}],"predecessor-version":[{"id":16789,"href":"https:\/\/blogs.correiobraziliense.com.br\/capital-sa\/wp-json\/wp\/v2\/posts\/16787\/revisions\/16789"}],"wp:featuredmedia":[{"embeddable":true,"href":"https:\/\/blogs.correiobraziliense.com.br\/capital-sa\/wp-json\/wp\/v2\/media\/16790"}],"wp:attachment":[{"href":"https:\/\/blogs.correiobraziliense.com.br\/capital-sa\/wp-json\/wp\/v2\/media?parent=16787"}],"wp:term":[{"taxonomy":"category","embeddable":true,"href":"https:\/\/blogs.correiobraziliense.com.br\/capital-sa\/wp-json\/wp\/v2\/categories?post=16787"},{"taxonomy":"post_tag","embeddable":true,"href":"https:\/\/blogs.correiobraziliense.com.br\/capital-sa\/wp-json\/wp\/v2\/tags?post=16787"}],"curies":[{"name":"wp","href":"https:\/\/api.w.org\/{rel}","templated":true}]}}