{"id":16751,"date":"2024-07-24T15:00:29","date_gmt":"2024-07-24T18:00:29","guid":{"rendered":"https:\/\/blogs.correiobraziliense.com.br\/capital-sa\/?p=16751"},"modified":"2024-07-24T18:12:47","modified_gmt":"2024-07-24T21:12:47","slug":"taxa-de-cambio-preocupa-empresarios-da-industria","status":"publish","type":"post","link":"https:\/\/blogs.correiobraziliense.com.br\/capital-sa\/2024\/07\/24\/taxa-de-cambio-preocupa-empresarios-da-industria\/","title":{"rendered":"Taxa de c\u00e2mbio preocupa empres\u00e1rios da ind\u00fastria"},"content":{"rendered":"<p class=\"p1\"><strong>Por Samanta Sallum\u00a0<\/strong><\/p>\n<p class=\"p1\"><span class=\"s1\">No segundo trimestre de 2024, a taxa de c\u00e2mbio passou da 17\u00aa para a 4\u00aa coloca\u00e7\u00e3o no ranking de principais problemas enfrentados pela ind\u00fastria nacional. A elevada carga tribut\u00e1ria segue em primeiro lugar, com 35,5% das respostas; em segundo lugar est\u00e1 a demanda interna insuficiente, com 26,3%; e em terceiro, a falta ou alto custo da mat\u00e9ria-prima, com 23,1%. Os dados s\u00e3o da pesquisa da Confedera\u00e7\u00e3o Nacional Ind\u00fastria (CNI).<\/span><\/p>\n<p class=\"p1\"><strong><span class=\"s1\">Alta de insumos <\/span><\/strong><\/p>\n<p class=\"p1\"><span class=\"s1\">Os empres\u00e1rios tamb\u00e9m apontam que o pre\u00e7o m\u00e9dio dos insumos aumentou de forma intensa e disseminada neste segundo trimestre. O \u00edndice saiu de 56,8 pontos para 61,3 pontos, na passagem do primeiro para o segundo trimestre deste ano &#8211; e \u00e9 o maior desde o segundo trimestre de 2022 (66,9 pontos). Na \u00e9poca, a ind\u00fastria enfrentava uma crise na cadeia de fornecimento por conta da pandemia de covid-19.<\/span><\/p>\n<p class=\"p1\"><strong><span class=\"s1\">Impacto na produ\u00e7\u00e3o <\/span><\/strong><\/p>\n<p class=\"p1\"><span class=\"s1\">\u201cA taxa de c\u00e2mbio alta explica ao menos parte dessa percep\u00e7\u00e3o de maior press\u00e3o sobre os pre\u00e7os. Por isso, o problema ganhou tanta import\u00e2ncia entre os principais enfrentados pelos empres\u00e1rios. Ao mesmo tempo, o alto custo da mat\u00e9ria-prima ganhou import\u00e2ncia, se consolidando no terceiro lugar do ranking. \u00c9 um cen\u00e1rio que acende um alerta, pois afeta a produtividade e a competitividade dos produtos brasileiros\u201d, explica o gerente de An\u00e1lise Econ\u00f4mica da CNI, Marcelo Azevedo.<\/span><\/p>\n","protected":false},"excerpt":{"rendered":"<p>Por Samanta Sallum\u00a0 No segundo trimestre de 2024, a taxa de c\u00e2mbio passou da 17\u00aa para a 4\u00aa coloca\u00e7\u00e3o no ranking de principais problemas enfrentados pela ind\u00fastria nacional. A elevada carga tribut\u00e1ria segue em primeiro lugar, com 35,5% das respostas; em segundo lugar est\u00e1 a demanda interna insuficiente, com 26,3%; e em terceiro, a falta ou alto custo da mat\u00e9ria-prima, [&hellip;]<\/p>\n","protected":false},"author":125,"featured_media":16760,"comment_status":"open","ping_status":"open","sticky":false,"template":"","format":"standard","meta":{"footnotes":""},"categories":[6],"tags":[2336,2337,276,1539,744,2112,64,60],"class_list":["post-16751","post","type-post","status-publish","format-standard","has-post-thumbnail","hentry","category-coluna-capital-s-a","tag-cambio","tag-carga","tag-economia","tag-empresariado","tag-producao","tag-tributaria","tag-cni","tag-industria"],"_links":{"self":[{"href":"https:\/\/blogs.correiobraziliense.com.br\/capital-sa\/wp-json\/wp\/v2\/posts\/16751","targetHints":{"allow":["GET"]}}],"collection":[{"href":"https:\/\/blogs.correiobraziliense.com.br\/capital-sa\/wp-json\/wp\/v2\/posts"}],"about":[{"href":"https:\/\/blogs.correiobraziliense.com.br\/capital-sa\/wp-json\/wp\/v2\/types\/post"}],"author":[{"embeddable":true,"href":"https:\/\/blogs.correiobraziliense.com.br\/capital-sa\/wp-json\/wp\/v2\/users\/125"}],"replies":[{"embeddable":true,"href":"https:\/\/blogs.correiobraziliense.com.br\/capital-sa\/wp-json\/wp\/v2\/comments?post=16751"}],"version-history":[{"count":4,"href":"https:\/\/blogs.correiobraziliense.com.br\/capital-sa\/wp-json\/wp\/v2\/posts\/16751\/revisions"}],"predecessor-version":[{"id":16764,"href":"https:\/\/blogs.correiobraziliense.com.br\/capital-sa\/wp-json\/wp\/v2\/posts\/16751\/revisions\/16764"}],"wp:featuredmedia":[{"embeddable":true,"href":"https:\/\/blogs.correiobraziliense.com.br\/capital-sa\/wp-json\/wp\/v2\/media\/16760"}],"wp:attachment":[{"href":"https:\/\/blogs.correiobraziliense.com.br\/capital-sa\/wp-json\/wp\/v2\/media?parent=16751"}],"wp:term":[{"taxonomy":"category","embeddable":true,"href":"https:\/\/blogs.correiobraziliense.com.br\/capital-sa\/wp-json\/wp\/v2\/categories?post=16751"},{"taxonomy":"post_tag","embeddable":true,"href":"https:\/\/blogs.correiobraziliense.com.br\/capital-sa\/wp-json\/wp\/v2\/tags?post=16751"}],"curies":[{"name":"wp","href":"https:\/\/api.w.org\/{rel}","templated":true}]}}