{"id":16728,"date":"2024-07-22T15:15:06","date_gmt":"2024-07-22T18:15:06","guid":{"rendered":"https:\/\/blogs.correiobraziliense.com.br\/capital-sa\/?p=16728"},"modified":"2024-07-22T21:36:57","modified_gmt":"2024-07-23T00:36:57","slug":"varejo-no-df-tem-desempenho-maior-que-a-media-nacional","status":"publish","type":"post","link":"https:\/\/blogs.correiobraziliense.com.br\/capital-sa\/2024\/07\/22\/varejo-no-df-tem-desempenho-maior-que-a-media-nacional\/","title":{"rendered":"Varejo no DF tem desempenho maior que a m\u00e9dia nacional"},"content":{"rendered":"<p><strong>Por Samanta Sallum\u00a0<\/strong><\/p>\n<p>As vendas no Distrito Federal cresceram 9,4% no acumulado do ano em compara\u00e7\u00e3o ao mesmo per\u00edodo de 2023, segundo dados levantados pela C\u00e2mara de Dirigentes Lojistas (CDL-DF). O per\u00edodo analisado \u00e9 de janeiro a maio, e o crescimento foi superior ao nacional, que registrou 4,8%. Houve aumento tamb\u00e9m de 0,8% em rela\u00e7\u00e3o ao m\u00eas de abril. Al\u00e9m disso, o DF registrou a cria\u00e7\u00e3o de 24 mil postos formais de trabalho, cerca de 1,1 mil no com\u00e9rcio, contra 21 mil do mesmo per\u00edodo.<\/p>\n<p class=\"p1\"><span class=\"s1\">O presidente da CDL-DF, Wagner Silveira, comemora os n\u00fameros: \u201cestamos vendo um movimento de recupera\u00e7\u00e3o desde o ano passado, e isso tem se refletido positivamente no ambiente de neg\u00f3cios. Crescemos acima da m\u00e9dia nacional em quase todos os segmentos do varejo e ainda estamos em um per\u00edodo favor\u00e1vel na cria\u00e7\u00e3o de vagas de trabalho\u201d.\u00a0\u00a0<\/span><\/p>\n<p class=\"p1\"><span class=\"s1\">A sondagem realizada pela CDL-DF tamb\u00e9m aponta otimismo em rela\u00e7\u00e3o \u00e0s vendas para o m\u00eas de julho, 66% dos comerciantes se veem confiantes, e 40% dos entrevistados acreditam que ser\u00e3o ainda maiores para o Dia dos Pais em 2024.<\/span><\/p>\n","protected":false},"excerpt":{"rendered":"<p>Por Samanta Sallum\u00a0 As vendas no Distrito Federal cresceram 9,4% no acumulado do ano em compara\u00e7\u00e3o ao mesmo per\u00edodo de 2023, segundo dados levantados pela C\u00e2mara de Dirigentes Lojistas (CDL-DF). O per\u00edodo analisado \u00e9 de janeiro a maio, e o crescimento foi superior ao nacional, que registrou 4,8%. Houve aumento tamb\u00e9m de 0,8% em rela\u00e7\u00e3o ao m\u00eas de abril. Al\u00e9m [&hellip;]<\/p>\n","protected":false},"author":125,"featured_media":0,"comment_status":"open","ping_status":"open","sticky":false,"template":"","format":"standard","meta":{"footnotes":""},"categories":[1],"tags":[1527,276,171,10,779],"class_list":["post-16728","post","type-post","status-publish","format-standard","hentry","category-sem-categoria","tag-cdl-df","tag-economia","tag-vendas","tag-comercio","tag-varejo"],"_links":{"self":[{"href":"https:\/\/blogs.correiobraziliense.com.br\/capital-sa\/wp-json\/wp\/v2\/posts\/16728","targetHints":{"allow":["GET"]}}],"collection":[{"href":"https:\/\/blogs.correiobraziliense.com.br\/capital-sa\/wp-json\/wp\/v2\/posts"}],"about":[{"href":"https:\/\/blogs.correiobraziliense.com.br\/capital-sa\/wp-json\/wp\/v2\/types\/post"}],"author":[{"embeddable":true,"href":"https:\/\/blogs.correiobraziliense.com.br\/capital-sa\/wp-json\/wp\/v2\/users\/125"}],"replies":[{"embeddable":true,"href":"https:\/\/blogs.correiobraziliense.com.br\/capital-sa\/wp-json\/wp\/v2\/comments?post=16728"}],"version-history":[{"count":4,"href":"https:\/\/blogs.correiobraziliense.com.br\/capital-sa\/wp-json\/wp\/v2\/posts\/16728\/revisions"}],"predecessor-version":[{"id":16743,"href":"https:\/\/blogs.correiobraziliense.com.br\/capital-sa\/wp-json\/wp\/v2\/posts\/16728\/revisions\/16743"}],"wp:attachment":[{"href":"https:\/\/blogs.correiobraziliense.com.br\/capital-sa\/wp-json\/wp\/v2\/media?parent=16728"}],"wp:term":[{"taxonomy":"category","embeddable":true,"href":"https:\/\/blogs.correiobraziliense.com.br\/capital-sa\/wp-json\/wp\/v2\/categories?post=16728"},{"taxonomy":"post_tag","embeddable":true,"href":"https:\/\/blogs.correiobraziliense.com.br\/capital-sa\/wp-json\/wp\/v2\/tags?post=16728"}],"curies":[{"name":"wp","href":"https:\/\/api.w.org\/{rel}","templated":true}]}}