{"id":16703,"date":"2024-07-18T15:22:18","date_gmt":"2024-07-18T18:22:18","guid":{"rendered":"https:\/\/blogs.correiobraziliense.com.br\/capital-sa\/?p=16703"},"modified":"2024-07-18T17:51:38","modified_gmt":"2024-07-18T20:51:38","slug":"laboratorio-no-df-com-apoio-da-abdi-podera-certificar-vinhos-do-cerrado","status":"publish","type":"post","link":"https:\/\/blogs.correiobraziliense.com.br\/capital-sa\/2024\/07\/18\/laboratorio-no-df-com-apoio-da-abdi-podera-certificar-vinhos-do-cerrado\/","title":{"rendered":"Laborat\u00f3rio no DF, com apoio da ABDI, poder\u00e1 certificar vinhos do Cerrado"},"content":{"rendered":"<p class=\"p1\"><strong><span class=\"s1\">Por Samanta Sallum\u00a0<\/span><\/strong><\/p>\n<p class=\"p1\"><span class=\"s1\">A Agencia Brasileira de Desenvolvimento Industrial (ABDI)\u00a0<\/span>vai levar a agricultura 4.0 para a maior feira do vinho do DF, a Expovitis, que acontece neste final de semana. Com exemplos da tecnologia de precis\u00e3o no agro e inova\u00e7\u00e3o na cadeia produtiva, a ag\u00eancia quer mostrar para produtores que \u00e9 poss\u00edvel melhorar a produtividade e reduzir riscos com transforma\u00e7\u00e3o digital.<\/p>\n<p class=\"p1\">O Presidente da ABDI, Ricardo Cappelli, adiantou \u00e0 coluna que a entidade desenvolve um projeto de um laborat\u00f3rio no DF voltado a an\u00e1lise qu\u00edmica e qualidade do vinho. Atualmente, os produtores locais precisam enviar suas amostras para certifica\u00e7\u00e3o no sul do Brasil.<\/p>\n<p class=\"p1\">\u201cVamos contribuir para o desenvolvimento da produ\u00e7\u00e3o de vinhos no DF e no Brasil. Com incentivo, nossa regi\u00e3o vai se tornar tamb\u00e9m um novo e grande polo de vitivinicultura do pa\u00eds\u201d, afirmou Cappelli.<\/p>\n<p><img loading=\"lazy\" decoding=\"async\" class=\"aligncenter size-medium wp-image-16713\" src=\"https:\/\/blogs.correiobraziliense.com.br\/capital-sa\/wp-content\/uploads\/sites\/59\/2024\/07\/48083F29-D099-4225-9E88-12C06812CE52-300x200.jpeg\" alt=\"\" width=\"300\" height=\"200\" srcset=\"https:\/\/blogs.correiobraziliense.com.br\/capital-sa\/wp-content\/uploads\/sites\/59\/2024\/07\/48083F29-D099-4225-9E88-12C06812CE52-300x200.jpeg 300w, https:\/\/blogs.correiobraziliense.com.br\/capital-sa\/wp-content\/uploads\/sites\/59\/2024\/07\/48083F29-D099-4225-9E88-12C06812CE52-768x511.jpeg 768w, https:\/\/blogs.correiobraziliense.com.br\/capital-sa\/wp-content\/uploads\/sites\/59\/2024\/07\/48083F29-D099-4225-9E88-12C06812CE52-1024x682.jpeg 1024w, https:\/\/blogs.correiobraziliense.com.br\/capital-sa\/wp-content\/uploads\/sites\/59\/2024\/07\/48083F29-D099-4225-9E88-12C06812CE52-800x533.jpeg 800w, https:\/\/blogs.correiobraziliense.com.br\/capital-sa\/wp-content\/uploads\/sites\/59\/2024\/07\/48083F29-D099-4225-9E88-12C06812CE52-550x366.jpeg 550w, https:\/\/blogs.correiobraziliense.com.br\/capital-sa\/wp-content\/uploads\/sites\/59\/2024\/07\/48083F29-D099-4225-9E88-12C06812CE52-230x153.jpeg 230w, https:\/\/blogs.correiobraziliense.com.br\/capital-sa\/wp-content\/uploads\/sites\/59\/2024\/07\/48083F29-D099-4225-9E88-12C06812CE52.jpeg 1170w\" sizes=\"auto, (max-width: 300px) 100vw, 300px\" \/><\/p>\n<p><strong>Vin\u00edcola Bras\u00edlia<br \/>\n<\/strong><\/p>\n<p>A capital federal vem se destacando na produ\u00e7\u00e3o de vinhos. A partir da uni\u00e3o de 10 vinhedos, foi criada a Vin\u00edcola Bras\u00edlia, aberta inclusive \u00e0 visita\u00e7\u00e3o de turistas. O\u00a0grupo re\u00fane Casa Vitor, Ercoara, Horus, Marchese, Miro, Monte Alvor, Oma Sena, Alto Cerrado, Villa Triacca e Vista da Mata.<\/p>\n<p>A hist\u00f3ria por tr\u00e1s da Vin\u00edcola Bras\u00edlia come\u00e7a ainda nos anos 1970, per\u00edodo em que muitos imigrantes do sul do pa\u00eds, principalmente, vieram \u00e0 capital para aproveitar as terras f\u00e9rteis e produtivas. Hoje, o neg\u00f3cio \u00e9 administrado por 10 fam\u00edlias que se uniram com esse prop\u00f3sito na regi\u00e3o do PAD-DF, tendo a Syrah como a principal casta tinta.<\/p>\n","protected":false},"excerpt":{"rendered":"<p>Por Samanta Sallum\u00a0 A Agencia Brasileira de Desenvolvimento Industrial (ABDI)\u00a0vai levar a agricultura 4.0 para a maior feira do vinho do DF, a Expovitis, que acontece neste final de semana. Com exemplos da tecnologia de precis\u00e3o no agro e inova\u00e7\u00e3o na cadeia produtiva, a ag\u00eancia quer mostrar para produtores que \u00e9 poss\u00edvel melhorar a produtividade e reduzir riscos com transforma\u00e7\u00e3o [&hellip;]<\/p>\n","protected":false},"author":125,"featured_media":16710,"comment_status":"open","ping_status":"open","sticky":false,"template":"","format":"standard","meta":{"footnotes":""},"categories":[6],"tags":[2230,2328,214,2329,351,2330,2331,2332,1748],"class_list":["post-16703","post","type-post","status-publish","format-standard","has-post-thumbnail","hentry","category-coluna-capital-s-a","tag-abdi","tag-agricultura4-0","tag-digital","tag-expovitis","tag-inovacao","tag-produtividade","tag-transformacao","tag-vitivinicultura","tag-vinho"],"_links":{"self":[{"href":"https:\/\/blogs.correiobraziliense.com.br\/capital-sa\/wp-json\/wp\/v2\/posts\/16703","targetHints":{"allow":["GET"]}}],"collection":[{"href":"https:\/\/blogs.correiobraziliense.com.br\/capital-sa\/wp-json\/wp\/v2\/posts"}],"about":[{"href":"https:\/\/blogs.correiobraziliense.com.br\/capital-sa\/wp-json\/wp\/v2\/types\/post"}],"author":[{"embeddable":true,"href":"https:\/\/blogs.correiobraziliense.com.br\/capital-sa\/wp-json\/wp\/v2\/users\/125"}],"replies":[{"embeddable":true,"href":"https:\/\/blogs.correiobraziliense.com.br\/capital-sa\/wp-json\/wp\/v2\/comments?post=16703"}],"version-history":[{"count":10,"href":"https:\/\/blogs.correiobraziliense.com.br\/capital-sa\/wp-json\/wp\/v2\/posts\/16703\/revisions"}],"predecessor-version":[{"id":16722,"href":"https:\/\/blogs.correiobraziliense.com.br\/capital-sa\/wp-json\/wp\/v2\/posts\/16703\/revisions\/16722"}],"wp:featuredmedia":[{"embeddable":true,"href":"https:\/\/blogs.correiobraziliense.com.br\/capital-sa\/wp-json\/wp\/v2\/media\/16710"}],"wp:attachment":[{"href":"https:\/\/blogs.correiobraziliense.com.br\/capital-sa\/wp-json\/wp\/v2\/media?parent=16703"}],"wp:term":[{"taxonomy":"category","embeddable":true,"href":"https:\/\/blogs.correiobraziliense.com.br\/capital-sa\/wp-json\/wp\/v2\/categories?post=16703"},{"taxonomy":"post_tag","embeddable":true,"href":"https:\/\/blogs.correiobraziliense.com.br\/capital-sa\/wp-json\/wp\/v2\/tags?post=16703"}],"curies":[{"name":"wp","href":"https:\/\/api.w.org\/{rel}","templated":true}]}}