{"id":16647,"date":"2024-07-16T15:37:57","date_gmt":"2024-07-16T18:37:57","guid":{"rendered":"https:\/\/blogs.correiobraziliense.com.br\/capital-sa\/?p=16647"},"modified":"2024-07-16T19:59:24","modified_gmt":"2024-07-16T22:59:24","slug":"linha-pretitude-para-beleza-negra-no-hair-brasilia","status":"publish","type":"post","link":"https:\/\/blogs.correiobraziliense.com.br\/capital-sa\/2024\/07\/16\/linha-pretitude-para-beleza-negra-no-hair-brasilia\/","title":{"rendered":"Linha Pretitude para beleza negra no Hair Bras\u00edlia"},"content":{"rendered":"<p><strong>Por Samanta Sallum\u00a0<\/strong><\/p>\n<p class=\"p1\"><span class=\"s1\">A marca IN.Pr\u00f3prio<\/span><span class=\"s2\">\u00a0\u00e9 um dos destaques da Hair Bras\u00edlia and Beauty, feira destinada ao universo da beleza que acontece at\u00e9 hoje, no Pavilh\u00e3o de Exposi\u00e7\u00f5es do Parque da Cidade. A marca brasiliense leva para o evento a linha\u00a0<\/span><span class=\"s1\">Pretitude,\u00a0<\/span><span class=\"s2\">cuja f\u00f3rmula foi desenvolvida para tratamento de cabelos crespos e cacheados.<\/span><\/p>\n<p class=\"p1\"><span class=\"s2\">O dermatologista\u00a0<\/span><span class=\"s1\">Andr\u00e9 Moreira<\/span><span class=\"s2\">, especialista em pele preta e tricologia, desenvolveu a linha de cosm\u00e9ticos capilares exclusivos para cabelos crespos. Ele est\u00e1 \u00e0 frente da empresa IN.Pr\u00f3prio com mais tr\u00eas s\u00f3cios.\u00a0<\/span>Os produtos foram pensados para atender a uma demanda de mercado por uma maior representatividade inclusiva.<\/p>\n<p class=\"p1\"><span class=\"s2\">\u201cA import\u00e2ncia de produtos espec\u00edficos para cada tipo de cabelo transcende a est\u00e9tica e assume um papel crucial na\u00a0<\/span><span class=\"s1\">autoaceita\u00e7\u00e3o<\/span><span class=\"s2\">\u00a0e\u00a0<\/span><span class=\"s1\">representatividade<\/span><span class=\"s2\">. Negligenciados pela ind\u00fastria de cosm\u00e9ticos por longas d\u00e9cadas, os cabelos crespos e cacheados finalmente ganham cuidados espec\u00edficos e produtos formulados especialmente para real\u00e7ar a beleza natural desses fios\u201d, destaca Andr\u00e9 Moreira, que tem uma cl\u00ednica de dermatologia e est\u00e9tica em \u00c1guas Claras.<\/span><\/p>\n","protected":false},"excerpt":{"rendered":"<p>Por Samanta Sallum\u00a0 A marca IN.Pr\u00f3prio\u00a0\u00e9 um dos destaques da Hair Bras\u00edlia and Beauty, feira destinada ao universo da beleza que acontece at\u00e9 hoje, no Pavilh\u00e3o de Exposi\u00e7\u00f5es do Parque da Cidade. A marca brasiliense leva para o evento a linha\u00a0Pretitude,\u00a0cuja f\u00f3rmula foi desenvolvida para tratamento de cabelos crespos e cacheados. O dermatologista\u00a0Andr\u00e9 Moreira, especialista em pele preta e tricologia, [&hellip;]<\/p>\n","protected":false},"author":125,"featured_media":16651,"comment_status":"open","ping_status":"open","sticky":false,"template":"","format":"standard","meta":{"footnotes":""},"categories":[6],"tags":[2319,124,2317,2318,2320],"class_list":["post-16647","post","type-post","status-publish","format-standard","has-post-thumbnail","hentry","category-coluna-capital-s-a","tag-autoaceitacao","tag-brasilia","tag-hair","tag-pretitude","tag-representatividade"],"_links":{"self":[{"href":"https:\/\/blogs.correiobraziliense.com.br\/capital-sa\/wp-json\/wp\/v2\/posts\/16647","targetHints":{"allow":["GET"]}}],"collection":[{"href":"https:\/\/blogs.correiobraziliense.com.br\/capital-sa\/wp-json\/wp\/v2\/posts"}],"about":[{"href":"https:\/\/blogs.correiobraziliense.com.br\/capital-sa\/wp-json\/wp\/v2\/types\/post"}],"author":[{"embeddable":true,"href":"https:\/\/blogs.correiobraziliense.com.br\/capital-sa\/wp-json\/wp\/v2\/users\/125"}],"replies":[{"embeddable":true,"href":"https:\/\/blogs.correiobraziliense.com.br\/capital-sa\/wp-json\/wp\/v2\/comments?post=16647"}],"version-history":[{"count":6,"href":"https:\/\/blogs.correiobraziliense.com.br\/capital-sa\/wp-json\/wp\/v2\/posts\/16647\/revisions"}],"predecessor-version":[{"id":16672,"href":"https:\/\/blogs.correiobraziliense.com.br\/capital-sa\/wp-json\/wp\/v2\/posts\/16647\/revisions\/16672"}],"wp:featuredmedia":[{"embeddable":true,"href":"https:\/\/blogs.correiobraziliense.com.br\/capital-sa\/wp-json\/wp\/v2\/media\/16651"}],"wp:attachment":[{"href":"https:\/\/blogs.correiobraziliense.com.br\/capital-sa\/wp-json\/wp\/v2\/media?parent=16647"}],"wp:term":[{"taxonomy":"category","embeddable":true,"href":"https:\/\/blogs.correiobraziliense.com.br\/capital-sa\/wp-json\/wp\/v2\/categories?post=16647"},{"taxonomy":"post_tag","embeddable":true,"href":"https:\/\/blogs.correiobraziliense.com.br\/capital-sa\/wp-json\/wp\/v2\/tags?post=16647"}],"curies":[{"name":"wp","href":"https:\/\/api.w.org\/{rel}","templated":true}]}}