{"id":1663,"date":"2021-02-02T15:53:19","date_gmt":"2021-02-02T18:53:19","guid":{"rendered":"https:\/\/blogs.correiobraziliense.com.br\/capital-sa\/?p=1663"},"modified":"2021-02-02T19:40:43","modified_gmt":"2021-02-02T22:40:43","slug":"chiquinho-do-beirute-apoia-vacinacao","status":"publish","type":"post","link":"https:\/\/blogs.correiobraziliense.com.br\/capital-sa\/2021\/02\/02\/chiquinho-do-beirute-apoia-vacinacao\/","title":{"rendered":"Chiquinho do Beirute apoia vacina\u00e7\u00e3o"},"content":{"rendered":"<p class=\"p1\"><span class=\"s1\">\u201cA vacina \u00e9 como um casamento. A gente tem que confiar na noiva, pois cada parente e cada amigo t\u00eam uma opini\u00e3o diferente\u201d, afirmou Francisco Marinho, o Chiquinho, dono do restaurante Beirute na 109 Sul.<\/span><\/p>\n<p class=\"p1\"><span class=\"s1\">Aos 82 anos, ele se vacinou hoje confiante na efic\u00e1cia da imuniza\u00e7\u00e3o. Foi ao\u00a0<\/span>posto de sa\u00fade da 612 Sul.<\/p>\n<p class=\"p1\">Mesmo j\u00e1 tendo contra\u00eddo Covid e se recuperado no ano passado, ele achou importante se vacinar. \u201cEu vou pela minha cabe\u00e7a.\u00a0 E com a prote\u00e7\u00e3o de Padre C\u00edcero\u201d, contou.<\/p>\n<p>Chiquinho, no entanto, lamentou a situa\u00e7\u00e3o de muitos idosos que tiveram dificuldades e longas esperas para se vacinar. \u201cMe doeu ver alguns em cadeira de rodas, em desconforto, tendo de esperar. \u00c9 preciso organizar melhor a vacina\u00e7\u00e3o, dar prioridade a quem est\u00e1 fisicamente mais fr\u00e1gil\u201d , disse.<\/p>\n<p>Chiquinho, depois de se vacinar, voltou logo em seguida ao batente no restaurante. Todos os dias, ele est\u00e1 l\u00e1 supervisionando o trabalho de sua equipe.<\/p>\n<p>Hoje, alguns idosos que tentavam se vacinar no posto do Parque da Cidade buscaram abrigo no Beirute. Cansados de esperar na fila, foram com familiares que os acompanhavam almo\u00e7ar no restaurante e descansar um pouco.<\/p>\n<p>&nbsp;<\/p>\n","protected":false},"excerpt":{"rendered":"<p>\u201cA vacina \u00e9 como um casamento. A gente tem que confiar na noiva, pois cada parente e cada amigo t\u00eam uma opini\u00e3o diferente\u201d, afirmou Francisco Marinho, o Chiquinho, dono do restaurante Beirute na 109 Sul. Aos 82 anos, ele se vacinou hoje confiante na efic\u00e1cia da imuniza\u00e7\u00e3o. Foi ao\u00a0posto de sa\u00fade da 612 Sul. Mesmo j\u00e1 tendo contra\u00eddo Covid e [&hellip;]<\/p>\n","protected":false},"author":125,"featured_media":1666,"comment_status":"open","ping_status":"open","sticky":false,"template":"","format":"standard","meta":{"footnotes":""},"categories":[1],"tags":[],"class_list":["post-1663","post","type-post","status-publish","format-standard","has-post-thumbnail","hentry","category-sem-categoria"],"_links":{"self":[{"href":"https:\/\/blogs.correiobraziliense.com.br\/capital-sa\/wp-json\/wp\/v2\/posts\/1663","targetHints":{"allow":["GET"]}}],"collection":[{"href":"https:\/\/blogs.correiobraziliense.com.br\/capital-sa\/wp-json\/wp\/v2\/posts"}],"about":[{"href":"https:\/\/blogs.correiobraziliense.com.br\/capital-sa\/wp-json\/wp\/v2\/types\/post"}],"author":[{"embeddable":true,"href":"https:\/\/blogs.correiobraziliense.com.br\/capital-sa\/wp-json\/wp\/v2\/users\/125"}],"replies":[{"embeddable":true,"href":"https:\/\/blogs.correiobraziliense.com.br\/capital-sa\/wp-json\/wp\/v2\/comments?post=1663"}],"version-history":[{"count":12,"href":"https:\/\/blogs.correiobraziliense.com.br\/capital-sa\/wp-json\/wp\/v2\/posts\/1663\/revisions"}],"predecessor-version":[{"id":1676,"href":"https:\/\/blogs.correiobraziliense.com.br\/capital-sa\/wp-json\/wp\/v2\/posts\/1663\/revisions\/1676"}],"wp:featuredmedia":[{"embeddable":true,"href":"https:\/\/blogs.correiobraziliense.com.br\/capital-sa\/wp-json\/wp\/v2\/media\/1666"}],"wp:attachment":[{"href":"https:\/\/blogs.correiobraziliense.com.br\/capital-sa\/wp-json\/wp\/v2\/media?parent=1663"}],"wp:term":[{"taxonomy":"category","embeddable":true,"href":"https:\/\/blogs.correiobraziliense.com.br\/capital-sa\/wp-json\/wp\/v2\/categories?post=1663"},{"taxonomy":"post_tag","embeddable":true,"href":"https:\/\/blogs.correiobraziliense.com.br\/capital-sa\/wp-json\/wp\/v2\/tags?post=1663"}],"curies":[{"name":"wp","href":"https:\/\/api.w.org\/{rel}","templated":true}]}}