{"id":16629,"date":"2024-07-15T16:51:37","date_gmt":"2024-07-15T19:51:37","guid":{"rendered":"https:\/\/blogs.correiobraziliense.com.br\/capital-sa\/?p=16629"},"modified":"2024-07-15T18:54:28","modified_gmt":"2024-07-15T21:54:28","slug":"abrasel-se-posiciona-contra-sobretaxa-de-bebidas-acucaradas","status":"publish","type":"post","link":"https:\/\/blogs.correiobraziliense.com.br\/capital-sa\/2024\/07\/15\/abrasel-se-posiciona-contra-sobretaxa-de-bebidas-acucaradas\/","title":{"rendered":"Abrasel se posiciona contra sobretaxa de bebidas a\u00e7ucaradas"},"content":{"rendered":"<p>&nbsp;<\/p>\n<p><em>Congresso nacional da entidade ser\u00e1 em Bras\u00edlia, no dia 13 de agosto, com a participa\u00e7\u00e3o de empres\u00e1rios e autoridades do Executivo e do Legislativo<\/em><\/p>\n<p><strong>Por Samanta Sallum\u00a0<\/strong><\/p>\n<p class=\"p1\"><span class=\"s1\">A Abrasel celebrou a aprova\u00e7\u00e3o do relat\u00f3rio da reforma tribut\u00e1ria na C\u00e2mara dos Deputados, mas destacou a necessidade de regras claras para evitar bitributa\u00e7\u00e3o. A entidade aponta que produtos como tabaco e bebidas alco\u00f3licas j\u00e1 pagam ICMS com al\u00edquotas diferenciadas; com o IS, h\u00e1 risco de dupla tributa\u00e7\u00e3o. Tamb\u00e9m criticou aumento de carga sobre bebidas a\u00e7ucaradas.<\/span><\/p>\n<p class=\"p1\">\u201cA regulamenta\u00e7\u00e3o da reforma agora vai para o Senado, onde iremos mais uma vez destacar neste ponto a absoluta incoer\u00eancia de sobretaxar o a\u00e7\u00facar quando adicionado a bebidas, sendo que ele tem al\u00edquota zero na cesta b\u00e1sica\u201d, disse\u00a0Paulo Solmucci, presidente da Abrasel.<\/p>\n<p class=\"p1\">A inclus\u00e3o dos bares e restaurantes no regime de n\u00e3o cumulatividade, que permite a apropria\u00e7\u00e3o de cr\u00e9ditos pelas empresas contribuintes, foi considerada a maior vit\u00f3ria do setor. Outro ponto importante foi a exclus\u00e3o, para cobran\u00e7a de imposto, das receitas n\u00e3o apropriadas pelos estabelecimentos, como gorjetas e taxas de delivery.<\/p>\n<p><strong>Encontro nacional<\/strong><\/p>\n<p class=\"p1\"><span class=\"s1\">A 36\u00aa edi\u00e7\u00e3o do Congresso Nacional Abrasel ser\u00e1 realizado no dia 13 de agosto no Ballroom do Hotel Royal Tulip, em Bras\u00edlia. Al\u00e9m de lideran\u00e7as da entidade e de empres\u00e1rios, o encontro ter\u00e1 a presen\u00e7a de autoridades do governo federal, local e do Legislativo. O Congresso tem apoio da Ambev, Coca-Cola e de outras grandes marcas.<\/span><\/p>\n","protected":false},"excerpt":{"rendered":"<p>&nbsp; Congresso nacional da entidade ser\u00e1 em Bras\u00edlia, no dia 13 de agosto, com a participa\u00e7\u00e3o de empres\u00e1rios e autoridades do Executivo e do Legislativo Por Samanta Sallum\u00a0 A Abrasel celebrou a aprova\u00e7\u00e3o do relat\u00f3rio da reforma tribut\u00e1ria na C\u00e2mara dos Deputados, mas destacou a necessidade de regras claras para evitar bitributa\u00e7\u00e3o. A entidade aponta que produtos como tabaco e [&hellip;]<\/p>\n","protected":false},"author":125,"featured_media":0,"comment_status":"open","ping_status":"open","sticky":false,"template":"","format":"standard","meta":{"footnotes":""},"categories":[1],"tags":[712,2315,626,2312,378,2316,656,2112],"class_list":["post-16629","post","type-post","status-publish","format-standard","hentry","category-sem-categoria","tag-abrasel","tag-bebidas","tag-camara","tag-federal","tag-icms","tag-is","tag-reforma","tag-tributaria"],"_links":{"self":[{"href":"https:\/\/blogs.correiobraziliense.com.br\/capital-sa\/wp-json\/wp\/v2\/posts\/16629","targetHints":{"allow":["GET"]}}],"collection":[{"href":"https:\/\/blogs.correiobraziliense.com.br\/capital-sa\/wp-json\/wp\/v2\/posts"}],"about":[{"href":"https:\/\/blogs.correiobraziliense.com.br\/capital-sa\/wp-json\/wp\/v2\/types\/post"}],"author":[{"embeddable":true,"href":"https:\/\/blogs.correiobraziliense.com.br\/capital-sa\/wp-json\/wp\/v2\/users\/125"}],"replies":[{"embeddable":true,"href":"https:\/\/blogs.correiobraziliense.com.br\/capital-sa\/wp-json\/wp\/v2\/comments?post=16629"}],"version-history":[{"count":10,"href":"https:\/\/blogs.correiobraziliense.com.br\/capital-sa\/wp-json\/wp\/v2\/posts\/16629\/revisions"}],"predecessor-version":[{"id":16645,"href":"https:\/\/blogs.correiobraziliense.com.br\/capital-sa\/wp-json\/wp\/v2\/posts\/16629\/revisions\/16645"}],"wp:attachment":[{"href":"https:\/\/blogs.correiobraziliense.com.br\/capital-sa\/wp-json\/wp\/v2\/media?parent=16629"}],"wp:term":[{"taxonomy":"category","embeddable":true,"href":"https:\/\/blogs.correiobraziliense.com.br\/capital-sa\/wp-json\/wp\/v2\/categories?post=16629"},{"taxonomy":"post_tag","embeddable":true,"href":"https:\/\/blogs.correiobraziliense.com.br\/capital-sa\/wp-json\/wp\/v2\/tags?post=16629"}],"curies":[{"name":"wp","href":"https:\/\/api.w.org\/{rel}","templated":true}]}}