{"id":16626,"date":"2024-07-15T15:36:51","date_gmt":"2024-07-15T18:36:51","guid":{"rendered":"https:\/\/blogs.correiobraziliense.com.br\/capital-sa\/?p=16626"},"modified":"2024-07-15T15:55:01","modified_gmt":"2024-07-15T18:55:01","slug":"roadshow-do-brasil-mais-produtivo-chega-ao-df","status":"publish","type":"post","link":"https:\/\/blogs.correiobraziliense.com.br\/capital-sa\/2024\/07\/15\/roadshow-do-brasil-mais-produtivo-chega-ao-df\/","title":{"rendered":"Roadshow do Brasil Mais Produtivo chega ao DF"},"content":{"rendered":"<p class=\"p1\"><strong>Por Samanta Sallum\u00a0<\/strong><\/p>\n<p class=\"p1\"><span class=\"s1\">Depois do Cear\u00e1, de Minas Gerais e do Par\u00e1, foi realizado no Distrito Federal o roadshow do programa <em>Brasil Mais Produtivo<\/em>, do governo federal. A a\u00e7\u00e3o na capital do pais ocorreu na sexta-feira, 12 de julho, na sede do Sebrae\/DF. Teve a presen\u00e7a do vice-presidente da Rep\u00fablica e ministro do Desenvolvimento, Ind\u00fastria, Com\u00e9rcio e Servi\u00e7os, Geraldo Alckmin.<\/span><\/p>\n<p class=\"p1\"><span class=\"s1\">O <em>Brasil Mais Produtivo<\/em> est\u00e1 alinhado \u00e0s diretrizes da <a href=\"https:\/\/www.sistemafibra.org.br\/fibra\/institucional\/sala-de-imprensa\/noticias\/2507-nova-industria-brasil-e-instrumento-moderno-e-fomentara-neoindustrializacao-avalia-cni\">Nova Ind\u00fastria Brasil<\/a>, iniciativa lan\u00e7ada em janeiro que tem como uma das miss\u00f5es a transforma\u00e7\u00e3o digital para ampliar a produtividade. \u201c\u00c9 o momento que a gente precisa investir para ganhar produtividade, competitividade, reduzir custo de produ\u00e7\u00e3o e poder avan\u00e7ar mais na participa\u00e7\u00e3o global\u201d, frisou Alckmin.<\/span><\/p>\n<p class=\"p1\"><span class=\"s1\">As micro, pequenas e m\u00e9dias ind\u00fastrias podem se inscrever, e o Senai [Servi\u00e7o Nacional de Aprendizagem Industrial] e o Sebrae far\u00e3o o diagn\u00f3stico. <\/span><\/p>\n<p class=\"p1\"><strong><span class=\"s1\">Sinergia do sistema S com governo <\/span><\/strong><\/p>\n<p class=\"p1\"><span class=\"s1\">Anfitri\u00f5es do encontro, a diretora t\u00e9cnica do Sebrae no DF, Din\u00e1 Ferraz, e o presidente da Federa\u00e7\u00e3o das Ind\u00fastrias do DF (Fibra) e do Conselho Regional do Senai-DF, Jamal Jorge Bittar, destacaram a relev\u00e2ncia de iniciativas voltadas ao desenvolvimento do empresariado e de seus neg\u00f3cios. \u201cO Brasil Mais Produtivo \u00e9 uma demonstra\u00e7\u00e3o de que o Sistema S responde ao chamamento do Estado. S\u00e3o de pol\u00edticas como essa que o pa\u00eds precisa para estimular a produ\u00e7\u00e3o e a voltar\u00a0<\/span>para o protagonismo industrial\u201d, ressaltou Jamal.<\/p>\n<p class=\"p1\">Tamb\u00e9m participaram do evento o diretor t\u00e9cnico do Sebrae nacional, Bruno Quick; o presidente da ABDI, Ricardo Capelli; e o presidente do Conselho de Sebrae\/DF, Fernando C\u00e9zar Ribeiro.<\/p>\n<p class=\"p1\"><span class=\"s1\">\u201cNo DF, temos a meta de atender 833 micro, pequenas e m\u00e9dias empresas industriais. O programa \u00e9 gratuito para micros<span class=\"Apple-converted-space\">\u00a0 <\/span>e subsidiado para as m\u00e9dias\u201d, explicou o presidente da Federa\u00e7\u00e3o das Ind\u00fastrias do DF.<\/span><\/p>\n<p class=\"p1\"><span class=\"s1\">De acordo com a Rela\u00e7\u00e3o Anual de Informa\u00e7\u00f5es Sociais (Rais) de 2022, do Minist\u00e9rio do Trabalho e Emprego, o Distrito Federal tem 6.823 estabelecimentos industriais, que empregam mais de 117 mil trabalhadores. Considerando o porte, 74,8% s\u00e3o microempresas, 19,9% pequenas, 4,5% m\u00e9dias e 0,75% grandes.<\/span><\/p>\n<p class=\"p1\"><strong>Sal\u00e1rio m\u00e9dio<\/strong><\/p>\n<p class=\"p1\"><span class=\"s1\">Em 2021, segundo dados do IBGE, a ind\u00fastria teve R$ 10,2 bilh\u00f5es de participa\u00e7\u00e3o no produto interno bruto do DF, que foi de R$ 286,9 bilh\u00f5es. A ind\u00fastria local tem um sal\u00e1rio m\u00e9dio de R$ 3,5 mil e pagou, em 2023, R$ 1,3 bilh\u00e3o de Imposto sobre Circula\u00e7\u00e3o de Mercadorias e sobre Presta\u00e7\u00e3o de Servi\u00e7os (ICMS) e, em 2021 R$ 75,8 milh\u00f5es de Imposto sobre Produtos Industrializados (IPI).<\/span><\/p>\n","protected":false},"excerpt":{"rendered":"<p>Por Samanta Sallum\u00a0 Depois do Cear\u00e1, de Minas Gerais e do Par\u00e1, foi realizado no Distrito Federal o roadshow do programa Brasil Mais Produtivo, do governo federal. A a\u00e7\u00e3o na capital do pais ocorreu na sexta-feira, 12 de julho, na sede do Sebrae\/DF. Teve a presen\u00e7a do vice-presidente da Rep\u00fablica e ministro do Desenvolvimento, Ind\u00fastria, Com\u00e9rcio e Servi\u00e7os, Geraldo Alckmin. [&hellip;]<\/p>\n","protected":false},"author":125,"featured_media":16634,"comment_status":"open","ping_status":"open","sticky":false,"template":"","format":"standard","meta":{"footnotes":""},"categories":[6],"tags":[2230,1688,919,962,276,2312,2313,1268,1524,378,2314,2310,2311,337,340,10,782,60,7,37],"class_list":["post-16626","post","type-post","status-publish","format-standard","has-post-thumbnail","hentry","category-coluna-capital-s-a","tag-abdi","tag-alckmin","tag-brasil","tag-desenvolvimento","tag-economia","tag-federal","tag-geraldo","tag-governo","tag-ibge","tag-icms","tag-ipi","tag-mais","tag-produtivo","tag-senai","tag-trabalho","tag-comercio","tag-emprego","tag-industria","tag-pib","tag-sebrae-df"],"_links":{"self":[{"href":"https:\/\/blogs.correiobraziliense.com.br\/capital-sa\/wp-json\/wp\/v2\/posts\/16626","targetHints":{"allow":["GET"]}}],"collection":[{"href":"https:\/\/blogs.correiobraziliense.com.br\/capital-sa\/wp-json\/wp\/v2\/posts"}],"about":[{"href":"https:\/\/blogs.correiobraziliense.com.br\/capital-sa\/wp-json\/wp\/v2\/types\/post"}],"author":[{"embeddable":true,"href":"https:\/\/blogs.correiobraziliense.com.br\/capital-sa\/wp-json\/wp\/v2\/users\/125"}],"replies":[{"embeddable":true,"href":"https:\/\/blogs.correiobraziliense.com.br\/capital-sa\/wp-json\/wp\/v2\/comments?post=16626"}],"version-history":[{"count":6,"href":"https:\/\/blogs.correiobraziliense.com.br\/capital-sa\/wp-json\/wp\/v2\/posts\/16626\/revisions"}],"predecessor-version":[{"id":16636,"href":"https:\/\/blogs.correiobraziliense.com.br\/capital-sa\/wp-json\/wp\/v2\/posts\/16626\/revisions\/16636"}],"wp:featuredmedia":[{"embeddable":true,"href":"https:\/\/blogs.correiobraziliense.com.br\/capital-sa\/wp-json\/wp\/v2\/media\/16634"}],"wp:attachment":[{"href":"https:\/\/blogs.correiobraziliense.com.br\/capital-sa\/wp-json\/wp\/v2\/media?parent=16626"}],"wp:term":[{"taxonomy":"category","embeddable":true,"href":"https:\/\/blogs.correiobraziliense.com.br\/capital-sa\/wp-json\/wp\/v2\/categories?post=16626"},{"taxonomy":"post_tag","embeddable":true,"href":"https:\/\/blogs.correiobraziliense.com.br\/capital-sa\/wp-json\/wp\/v2\/tags?post=16626"}],"curies":[{"name":"wp","href":"https:\/\/api.w.org\/{rel}","templated":true}]}}