{"id":16622,"date":"2024-07-15T11:49:32","date_gmt":"2024-07-15T14:49:32","guid":{"rendered":"https:\/\/blogs.correiobraziliense.com.br\/capital-sa\/?p=16622"},"modified":"2024-07-15T15:47:17","modified_gmt":"2024-07-15T18:47:17","slug":"vivo-anuncia-novo-diretor-na-regional-centro-oeste","status":"publish","type":"post","link":"https:\/\/blogs.correiobraziliense.com.br\/capital-sa\/2024\/07\/15\/vivo-anuncia-novo-diretor-na-regional-centro-oeste\/","title":{"rendered":"Vivo anuncia novo diretor na Regional Centro-Oeste"},"content":{"rendered":"<p class=\"p1\"><strong>Por Samanta Sallum\u00a0<\/strong><\/p>\n<p class=\"p1\"><span class=\"s1\">Enos Kuhlmann \u00e9 o novo diretor da Regional Centro-Oeste da Vivo &#8211; que contempla a atua\u00e7\u00e3o da companhia nos estados de Goi\u00e1s, Mato Grosso, Mato Grosso do Sul, Acre, Rond\u00f4nia, Tocantins, al\u00e9m do Distrito Federal. H\u00e1 25 anos na Vivo, o executivo anteriormente ocupava o cargo de Gerente S\u00eanior Territorial em S\u00e3o Paulo.<br \/>\n<\/span><\/p>\n<p class=\"p1\"><span class=\"s1\">O executivo \u00e9 formado em Administra\u00e7\u00e3o de Empresas e possui especializa\u00e7\u00e3o em Gest\u00e3o de Neg\u00f3cios pela Funda\u00e7\u00e3o Dom Cabral, Ibmec e pela Fia Business School. Enos comandar\u00e1 um time de cerca de 700 colaboradores e 200 lojas.<\/span><\/p>\n<p class=\"p1\"><span class=\"s1\"> \u201cEstou muito feliz com esse novo desafio, de assumir uma regional t\u00e3o importante e estrat\u00e9gica para a companhia, situada bem no cora\u00e7\u00e3o do Brasil\u201d, destacou o executivo.<\/span><\/p>\n","protected":false},"excerpt":{"rendered":"<p>Por Samanta Sallum\u00a0 Enos Kuhlmann \u00e9 o novo diretor da Regional Centro-Oeste da Vivo &#8211; que contempla a atua\u00e7\u00e3o da companhia nos estados de Goi\u00e1s, Mato Grosso, Mato Grosso do Sul, Acre, Rond\u00f4nia, Tocantins, al\u00e9m do Distrito Federal. H\u00e1 25 anos na Vivo, o executivo anteriormente ocupava o cargo de Gerente S\u00eanior Territorial em S\u00e3o Paulo. O executivo \u00e9 formado [&hellip;]<\/p>\n","protected":false},"author":125,"featured_media":16625,"comment_status":"open","ping_status":"open","sticky":false,"template":"","format":"standard","meta":{"footnotes":""},"categories":[6],"tags":[2308,2309,1190,882],"class_list":["post-16622","post","type-post","status-publish","format-standard","has-post-thumbnail","hentry","category-coluna-capital-s-a","tag-enos","tag-kuhlmann","tag-telefonia","tag-vivo"],"_links":{"self":[{"href":"https:\/\/blogs.correiobraziliense.com.br\/capital-sa\/wp-json\/wp\/v2\/posts\/16622","targetHints":{"allow":["GET"]}}],"collection":[{"href":"https:\/\/blogs.correiobraziliense.com.br\/capital-sa\/wp-json\/wp\/v2\/posts"}],"about":[{"href":"https:\/\/blogs.correiobraziliense.com.br\/capital-sa\/wp-json\/wp\/v2\/types\/post"}],"author":[{"embeddable":true,"href":"https:\/\/blogs.correiobraziliense.com.br\/capital-sa\/wp-json\/wp\/v2\/users\/125"}],"replies":[{"embeddable":true,"href":"https:\/\/blogs.correiobraziliense.com.br\/capital-sa\/wp-json\/wp\/v2\/comments?post=16622"}],"version-history":[{"count":2,"href":"https:\/\/blogs.correiobraziliense.com.br\/capital-sa\/wp-json\/wp\/v2\/posts\/16622\/revisions"}],"predecessor-version":[{"id":16624,"href":"https:\/\/blogs.correiobraziliense.com.br\/capital-sa\/wp-json\/wp\/v2\/posts\/16622\/revisions\/16624"}],"wp:featuredmedia":[{"embeddable":true,"href":"https:\/\/blogs.correiobraziliense.com.br\/capital-sa\/wp-json\/wp\/v2\/media\/16625"}],"wp:attachment":[{"href":"https:\/\/blogs.correiobraziliense.com.br\/capital-sa\/wp-json\/wp\/v2\/media?parent=16622"}],"wp:term":[{"taxonomy":"category","embeddable":true,"href":"https:\/\/blogs.correiobraziliense.com.br\/capital-sa\/wp-json\/wp\/v2\/categories?post=16622"},{"taxonomy":"post_tag","embeddable":true,"href":"https:\/\/blogs.correiobraziliense.com.br\/capital-sa\/wp-json\/wp\/v2\/tags?post=16622"}],"curies":[{"name":"wp","href":"https:\/\/api.w.org\/{rel}","templated":true}]}}