{"id":16613,"date":"2024-07-12T13:52:32","date_gmt":"2024-07-12T16:52:32","guid":{"rendered":"https:\/\/blogs.correiobraziliense.com.br\/capital-sa\/?p=16613"},"modified":"2024-07-12T20:09:18","modified_gmt":"2024-07-12T23:09:18","slug":"uniao-de-opostos-para-zerar-tributos-sobre-carnes","status":"publish","type":"post","link":"https:\/\/blogs.correiobraziliense.com.br\/capital-sa\/2024\/07\/12\/uniao-de-opostos-para-zerar-tributos-sobre-carnes\/","title":{"rendered":"Uni\u00e3o de opostos para zerar tributos sobre carnes"},"content":{"rendered":"<p><em>Enquanto setores como o Agro celebram vit\u00f3ria na C\u00e2mara dos Deputados na regulamenta\u00e7\u00e3o da reforma tribut\u00e1ria, o do mercado imobili\u00e1rio buscar\u00e1 no Senado reverter aumento de impostos\u00a0<\/em><\/p>\n<p class=\"p1\"><strong>Por Samanta Sallum\u00a0<\/strong><\/p>\n<p class=\"p1\"><span class=\"s1\">O Agro, o varejo alimentar, a maioria do PL e do PT, com manifesta\u00e7\u00e3o inclusive do presidente Lula, acabaram se unindo para aprovar o destaque na regulamenta\u00e7\u00e3o da reforma tribut\u00e1ria que incluiu carnes e peixes na cesta b\u00e1sica nacional de alimentos (CBNA). Isso significou zerar os tributos sobre esses produtos.<br \/>\n<\/span><\/p>\n<p class=\"p1\"><span class=\"s1\">A proposta recebeu o voto favor\u00e1vel de 477 deputados federais, na quarta-feira. O que impressionou neste caso foi petistas e bolsonaristas no mesmo lado. Os parlamentares do PL quiserem mostrar que, independentemente de ser uma pauta de discurso pol\u00edtico de Lula, votaram com o Agro, onde t\u00eam base de apoio, e pelo benef\u00edcio \u00e0 popula\u00e7\u00e3o. Mas dos 95 parlamentares do PL, a maior bancada de Casa, cerca de 30 tiveram certa resist\u00eancia.<\/span><\/p>\n<p class=\"p1\"><span class=\"s1\"><strong>Engajamento dos supermercados<\/strong> <\/span><\/p>\n<p class=\"p1\"><span class=\"s1\">A Associa\u00e7\u00e3o Brasileira de Supermercados\u00a0<\/span>(ABRAS) foi uma das entidades que vinha na articula\u00e7\u00e3o em defesa da inclus\u00e3o das prote\u00ednas de origem animal na cesta b\u00e1sica. Segundo ela, vai contribuir para a renda dos produtores de alimentos, para a redu\u00e7\u00e3o da fome e para o fortalecimento da seguran\u00e7a alimentar.<\/p>\n<p class=\"p1\">\u201cInclus\u00e3o de carnes e peixes na cesta b\u00e1sica nacional, totalmente zerada de impostos, \u00e9 vit\u00f3ria da sociedade brasileira\u201d, Jo\u00e3o Galassi, presidente da ABRAS.<\/p>\n<p class=\"p1\"><strong>Mercado imobili\u00e1rio reclama\u00a0<\/strong><\/p>\n<p class=\"p1\"><span class=\"s1\">Segundo estudos do mercado imobili\u00e1rio, com a regulamenta\u00e7\u00e3o da reforma tribut\u00e1ria, a al\u00edquota m\u00e9dia de tributos ir\u00e1 dobrar para o setor. Vai saltar de 8%, em m\u00e9dia, para 15%. O Sistema Cofeci-Creci atuar\u00e1, a partir de agosto, junto aos senadores para reverter o aumento de impostos.<\/span><\/p>\n<p class=\"p1\"><strong><span class=\"s1\">Por quatro votos<\/span><\/strong><\/p>\n<p class=\"p1\"><span class=\"s1\">\u201cFizemos um trabalho intenso junto aos deputados para evitar esse aumento. Perdemos por apenas quatro votos no Plen\u00e1rio: foram 233 a 229 votos. Ainda temos a segunda oportunidade, que \u00e9 derrubar essa derrota no Senado\u2019, explica o presidente do Cofeci, Jo\u00e3o Teodoro.<\/span><\/p>\n<p class=\"p1\"><span class=\"s1\">Segundo ele, a pior das consequ\u00eancias do quadro atual \u00e9 encarecer a moradia. \u201cEsse aumento de impostos ir\u00e1 incidir sobre aluguel e sobre compra e venda de propriedade. \u00c9 um obst\u00e1culo a mais para o custo da casa pr\u00f3pria.\u201d<\/span><\/p>\n","protected":false},"excerpt":{"rendered":"<p>Enquanto setores como o Agro celebram vit\u00f3ria na C\u00e2mara dos Deputados na regulamenta\u00e7\u00e3o da reforma tribut\u00e1ria, o do mercado imobili\u00e1rio buscar\u00e1 no Senado reverter aumento de impostos\u00a0 Por Samanta Sallum\u00a0 O Agro, o varejo alimentar, a maioria do PL e do PT, com manifesta\u00e7\u00e3o inclusive do presidente Lula, acabaram se unindo para aprovar o destaque na regulamenta\u00e7\u00e3o da reforma tribut\u00e1ria [&hellip;]<\/p>\n","protected":false},"author":125,"featured_media":16618,"comment_status":"open","ping_status":"open","sticky":false,"template":"","format":"standard","meta":{"footnotes":""},"categories":[6],"tags":[1827,2268,1324,1380,496,1165,1543,1429,2307,629,1325],"class_list":["post-16613","post","type-post","status-publish","format-standard","has-post-thumbnail","hentry","category-coluna-capital-s-a","tag-abras","tag-agro","tag-camarafederal","tag-carnes","tag-impostos","tag-lula","tag-mercadoimobiliario","tag-pl","tag-pt","tag-reformatributaria","tag-tributacao"],"_links":{"self":[{"href":"https:\/\/blogs.correiobraziliense.com.br\/capital-sa\/wp-json\/wp\/v2\/posts\/16613","targetHints":{"allow":["GET"]}}],"collection":[{"href":"https:\/\/blogs.correiobraziliense.com.br\/capital-sa\/wp-json\/wp\/v2\/posts"}],"about":[{"href":"https:\/\/blogs.correiobraziliense.com.br\/capital-sa\/wp-json\/wp\/v2\/types\/post"}],"author":[{"embeddable":true,"href":"https:\/\/blogs.correiobraziliense.com.br\/capital-sa\/wp-json\/wp\/v2\/users\/125"}],"replies":[{"embeddable":true,"href":"https:\/\/blogs.correiobraziliense.com.br\/capital-sa\/wp-json\/wp\/v2\/comments?post=16613"}],"version-history":[{"count":7,"href":"https:\/\/blogs.correiobraziliense.com.br\/capital-sa\/wp-json\/wp\/v2\/posts\/16613\/revisions"}],"predecessor-version":[{"id":16621,"href":"https:\/\/blogs.correiobraziliense.com.br\/capital-sa\/wp-json\/wp\/v2\/posts\/16613\/revisions\/16621"}],"wp:featuredmedia":[{"embeddable":true,"href":"https:\/\/blogs.correiobraziliense.com.br\/capital-sa\/wp-json\/wp\/v2\/media\/16618"}],"wp:attachment":[{"href":"https:\/\/blogs.correiobraziliense.com.br\/capital-sa\/wp-json\/wp\/v2\/media?parent=16613"}],"wp:term":[{"taxonomy":"category","embeddable":true,"href":"https:\/\/blogs.correiobraziliense.com.br\/capital-sa\/wp-json\/wp\/v2\/categories?post=16613"},{"taxonomy":"post_tag","embeddable":true,"href":"https:\/\/blogs.correiobraziliense.com.br\/capital-sa\/wp-json\/wp\/v2\/tags?post=16613"}],"curies":[{"name":"wp","href":"https:\/\/api.w.org\/{rel}","templated":true}]}}