{"id":16598,"date":"2024-07-10T12:16:42","date_gmt":"2024-07-10T15:16:42","guid":{"rendered":"https:\/\/blogs.correiobraziliense.com.br\/capital-sa\/?p=16598"},"modified":"2024-07-10T13:14:08","modified_gmt":"2024-07-10T16:14:08","slug":"cni-diz-que-propostas-importantes-da-industria-estao-fora-da-reforma-tributaria","status":"publish","type":"post","link":"https:\/\/blogs.correiobraziliense.com.br\/capital-sa\/2024\/07\/10\/cni-diz-que-propostas-importantes-da-industria-estao-fora-da-reforma-tributaria\/","title":{"rendered":"CNI diz que propostas da ind\u00fastria est\u00e3o fora da Reforma Tribut\u00e1ria"},"content":{"rendered":"<p class=\"p1\"><strong>Por Samanta Sallum\u00a0<\/strong><\/p>\n<p class=\"p1\"><span class=\"s1\">A Confedera\u00e7\u00e3o Nacional da Ind\u00fastria (CNI) se manifestou hoje sobre o substitutivo ao Projeto de Lei Complementar (PLP) 68\/2024. A entidade adiantou que mesmo com avan\u00e7os, propostas importantes da ind\u00fastria ainda n\u00e3o foram acolhidas no texto que ser\u00e1\u00a0<\/span>analisado hoje na C\u00e2mara dos Deputados.<\/p>\n<p class=\"p1\">\u201cEntre elas, est\u00e1 a necess\u00e1ria e vi\u00e1vel redu\u00e7\u00e3o do prazo padr\u00e3o de aprecia\u00e7\u00e3o do pedido de ressarcimento dos saldos credores de IBS\/CBS, de 60 para 30 dias, que vai contribuir para a redu\u00e7\u00e3o do custo financeiro das empresas. O substitutivo estabelece o prazo de 30 dias apenas para empresas que integram o programa de conformidade tribut\u00e1ria, o que n\u00e3o \u00e9 suficiente\u201d, destaca o presidente da CNI, Ricardo Alban.<\/p>\n<p class=\"p1\"><strong><span class=\"s1\">Avan\u00e7os <\/span><\/strong><\/p>\n<p class=\"p1\"><span class=\"s1\">\u201cNo que diz respeito ao cr\u00e9dito amplo, o substitutivo trouxe um avan\u00e7o, em linha com o pleito da CNI. Assegura que, se por op\u00e7\u00e3o da empresa, as doa\u00e7\u00f5es n\u00e3o onerosas feitas por ela forem tributadas, a empresa ter\u00e1 direito \u00e0 cr\u00e9dito de IBS\/CBS; ou, se as doa\u00e7\u00f5es n\u00e3o forem tributadas, o cr\u00e9dito ser\u00e1 anulado. Esse ponto evita a cumulatividade\u201d, aponta Ricardo Alban.<\/span><\/p>\n","protected":false},"excerpt":{"rendered":"<p>Por Samanta Sallum\u00a0 A Confedera\u00e7\u00e3o Nacional da Ind\u00fastria (CNI) se manifestou hoje sobre o substitutivo ao Projeto de Lei Complementar (PLP) 68\/2024. A entidade adiantou que mesmo com avan\u00e7os, propostas importantes da ind\u00fastria ainda n\u00e3o foram acolhidas no texto que ser\u00e1\u00a0analisado hoje na C\u00e2mara dos Deputados. \u201cEntre elas, est\u00e1 a necess\u00e1ria e vi\u00e1vel redu\u00e7\u00e3o do prazo padr\u00e3o de aprecia\u00e7\u00e3o do [&hellip;]<\/p>\n","protected":false},"author":125,"featured_media":16603,"comment_status":"open","ping_status":"open","sticky":false,"template":"","format":"standard","meta":{"footnotes":""},"categories":[6],"tags":[1324,276,629,64],"class_list":["post-16598","post","type-post","status-publish","format-standard","has-post-thumbnail","hentry","category-coluna-capital-s-a","tag-camarafederal","tag-economia","tag-reformatributaria","tag-cni"],"_links":{"self":[{"href":"https:\/\/blogs.correiobraziliense.com.br\/capital-sa\/wp-json\/wp\/v2\/posts\/16598","targetHints":{"allow":["GET"]}}],"collection":[{"href":"https:\/\/blogs.correiobraziliense.com.br\/capital-sa\/wp-json\/wp\/v2\/posts"}],"about":[{"href":"https:\/\/blogs.correiobraziliense.com.br\/capital-sa\/wp-json\/wp\/v2\/types\/post"}],"author":[{"embeddable":true,"href":"https:\/\/blogs.correiobraziliense.com.br\/capital-sa\/wp-json\/wp\/v2\/users\/125"}],"replies":[{"embeddable":true,"href":"https:\/\/blogs.correiobraziliense.com.br\/capital-sa\/wp-json\/wp\/v2\/comments?post=16598"}],"version-history":[{"count":7,"href":"https:\/\/blogs.correiobraziliense.com.br\/capital-sa\/wp-json\/wp\/v2\/posts\/16598\/revisions"}],"predecessor-version":[{"id":16606,"href":"https:\/\/blogs.correiobraziliense.com.br\/capital-sa\/wp-json\/wp\/v2\/posts\/16598\/revisions\/16606"}],"wp:featuredmedia":[{"embeddable":true,"href":"https:\/\/blogs.correiobraziliense.com.br\/capital-sa\/wp-json\/wp\/v2\/media\/16603"}],"wp:attachment":[{"href":"https:\/\/blogs.correiobraziliense.com.br\/capital-sa\/wp-json\/wp\/v2\/media?parent=16598"}],"wp:term":[{"taxonomy":"category","embeddable":true,"href":"https:\/\/blogs.correiobraziliense.com.br\/capital-sa\/wp-json\/wp\/v2\/categories?post=16598"},{"taxonomy":"post_tag","embeddable":true,"href":"https:\/\/blogs.correiobraziliense.com.br\/capital-sa\/wp-json\/wp\/v2\/tags?post=16598"}],"curies":[{"name":"wp","href":"https:\/\/api.w.org\/{rel}","templated":true}]}}