{"id":16563,"date":"2024-07-08T13:54:49","date_gmt":"2024-07-08T16:54:49","guid":{"rendered":"https:\/\/blogs.correiobraziliense.com.br\/capital-sa\/?p=16563"},"modified":"2024-07-08T15:24:53","modified_gmt":"2024-07-08T18:24:53","slug":"cerca-de-120-mil-comerciarios-no-df-terao-reajuste-de-5","status":"publish","type":"post","link":"https:\/\/blogs.correiobraziliense.com.br\/capital-sa\/2024\/07\/08\/cerca-de-120-mil-comerciarios-no-df-terao-reajuste-de-5\/","title":{"rendered":"Cerca de 120 mil comerci\u00e1rios no DF ter\u00e3o reajuste de 5%"},"content":{"rendered":"<p><em>Acordo entre Sindivarejista e Sindicom definiu novo piso salarial e calend\u00e1rio de jornada em feriados\u00a0<\/em><\/p>\n<p class=\"p1\"><strong>Por Samanta Sallum\u00a0<\/strong><\/p>\n<p class=\"p1\"><span class=\"s1\">Os cerca de 120 mil comerci\u00e1rios do Distrito Federal ganharam aumento salarial que j\u00e1 est\u00e1 em vigor. O reajuste foi definido na Conven\u00e7\u00e3o Coletiva de Trabalho \u2013 CCT \u2013 assinada entre o Sindicato do Com\u00e9rcio Varejista \u2013 Sindivarejista \u2013 e o Sindicato dos Empregados no Com\u00e9rcio \u2013 Sindicom. Para os empregados que recebem at\u00e9 R$ 8 mil mensais, o reajuste \u00e9 de 5% a partir de 1\u00ba de maio. E para os que recebem acima, o aumento \u00e9 de 4%.<\/span><\/p>\n<p class=\"p1\"><span class=\"s1\">O sal\u00e1rio inicial passou a ser de R$ 1.585,50. Aos motoristas fica assegurado sal\u00e1rio de ingresso de R$ 1.677,90. Para quem trabalha em lojas do tipo home-center, o piso da categoria agora \u00e9 de R$ 1.618,00,<\/span><\/p>\n<p class=\"p1\"><strong><span class=\"s1\">Calend\u00e1rio de trabalho nos feriados\u00a0<\/span><\/strong><\/p>\n<p class=\"p1\"><span class=\"s1\">A mesma Conven\u00e7\u00e3o Coletiva de Trabalho tamb\u00e9m estabelece os feriados em que as lojas poder\u00e3o funcionar ou n\u00e3o.\u00a0<\/span>Nos dias 25 de dezembro de 2024, 1\u00ba de janeiro de 2025 e 18 de abril de 2025 (Sexta-Feira Santa) o com\u00e9rcio estar\u00e1 fechado. Abrir\u00e1 em 2024 nos feriados de 7 de setembro, 12 de outubro, 2 de novembro, 15 de novembro, 20 de novembro (Dia da Consci\u00eancia Negra), 30 de novembro (Dia do Evang\u00e9lico) e, em 2025, no 21 de abril (anivers\u00e1rio de Bras\u00edlia).<\/p>\n<p class=\"p1\"><strong><span class=\"s1\">Carnaval 2025 <\/span><\/strong><\/p>\n<p class=\"p1\"><span class=\"s1\">Ainda em 2025, as lojas que desejarem abrir no carnaval \u2013 dias 2 de mar\u00e7o (domingo), 3 (segunda-feira) e 5 (quarta-feira de Cinzas) dever\u00e3o observar as condi\u00e7\u00f5es previstas na Conven\u00e7\u00e3o Coletiva de Trabalho. Ainda no carnaval, na ter\u00e7a-feira, 4 de mar\u00e7o \u2013 quando ser\u00e1 comemorado o Dia do Comerci\u00e1rio \u2013 as lojas de rua e de shoppings estar\u00e3o fechadas.<\/span><\/p>\n<p class=\"p1\"><strong><span class=\"s1\">Avan\u00e7o na rela\u00e7\u00e3o entre sindicatos <\/span><\/strong><\/p>\n<p class=\"p1\"><span class=\"s1\">O presidente do Sindivarejista, Sebasti\u00e3o Abritta, disse que \u201ca assinatura da CCT representa um avan\u00e7o nas rela\u00e7\u00f5es entre patr\u00f5es e empregados porque, mais uma vez, estamos respeitando direitos e deveres. Tamb\u00e9m \u00e9 importante ressaltar a nossa preocupa\u00e7\u00e3o em ter o com\u00e9rcio aberto visando ao desenvolvimento da economia, sempre respeitando os direitos trabalhistas.\u201d, avaliou.<br \/>\n<\/span><\/p>\n<p class=\"p1\"><span class=\"s1\">O documento foi assinado por Abritta e pela presidente do Sindicom, Geralda Godinho, que tamb\u00e9m considerou o resultado positivo. \u201cFoi uma boa negocia\u00e7\u00e3o para os trabalhadores. Tivemos ganho acima de infla\u00e7\u00e3o. E sabemos que as empresas ainda est\u00e3o se recuperando da crise vivida na pandemia\u201d, disse.<\/span><\/p>\n","protected":false},"excerpt":{"rendered":"<p>Acordo entre Sindivarejista e Sindicom definiu novo piso salarial e calend\u00e1rio de jornada em feriados\u00a0 Por Samanta Sallum\u00a0 Os cerca de 120 mil comerci\u00e1rios do Distrito Federal ganharam aumento salarial que j\u00e1 est\u00e1 em vigor. O reajuste foi definido na Conven\u00e7\u00e3o Coletiva de Trabalho \u2013 CCT \u2013 assinada entre o Sindicato do Com\u00e9rcio Varejista \u2013 Sindivarejista \u2013 e o Sindicato [&hellip;]<\/p>\n","protected":false},"author":125,"featured_media":16567,"comment_status":"open","ping_status":"open","sticky":false,"template":"","format":"standard","meta":{"footnotes":""},"categories":[6],"tags":[276,950,2297,10,56],"class_list":["post-16563","post","type-post","status-publish","format-standard","has-post-thumbnail","hentry","category-coluna-capital-s-a","tag-economia","tag-reajuste","tag-sindicom","tag-comercio","tag-sindivarejista"],"_links":{"self":[{"href":"https:\/\/blogs.correiobraziliense.com.br\/capital-sa\/wp-json\/wp\/v2\/posts\/16563","targetHints":{"allow":["GET"]}}],"collection":[{"href":"https:\/\/blogs.correiobraziliense.com.br\/capital-sa\/wp-json\/wp\/v2\/posts"}],"about":[{"href":"https:\/\/blogs.correiobraziliense.com.br\/capital-sa\/wp-json\/wp\/v2\/types\/post"}],"author":[{"embeddable":true,"href":"https:\/\/blogs.correiobraziliense.com.br\/capital-sa\/wp-json\/wp\/v2\/users\/125"}],"replies":[{"embeddable":true,"href":"https:\/\/blogs.correiobraziliense.com.br\/capital-sa\/wp-json\/wp\/v2\/comments?post=16563"}],"version-history":[{"count":5,"href":"https:\/\/blogs.correiobraziliense.com.br\/capital-sa\/wp-json\/wp\/v2\/posts\/16563\/revisions"}],"predecessor-version":[{"id":16579,"href":"https:\/\/blogs.correiobraziliense.com.br\/capital-sa\/wp-json\/wp\/v2\/posts\/16563\/revisions\/16579"}],"wp:featuredmedia":[{"embeddable":true,"href":"https:\/\/blogs.correiobraziliense.com.br\/capital-sa\/wp-json\/wp\/v2\/media\/16567"}],"wp:attachment":[{"href":"https:\/\/blogs.correiobraziliense.com.br\/capital-sa\/wp-json\/wp\/v2\/media?parent=16563"}],"wp:term":[{"taxonomy":"category","embeddable":true,"href":"https:\/\/blogs.correiobraziliense.com.br\/capital-sa\/wp-json\/wp\/v2\/categories?post=16563"},{"taxonomy":"post_tag","embeddable":true,"href":"https:\/\/blogs.correiobraziliense.com.br\/capital-sa\/wp-json\/wp\/v2\/tags?post=16563"}],"curies":[{"name":"wp","href":"https:\/\/api.w.org\/{rel}","templated":true}]}}