{"id":1651,"date":"2021-02-02T10:11:29","date_gmt":"2021-02-02T13:11:29","guid":{"rendered":"https:\/\/blogs.correiobraziliense.com.br\/capital-sa\/?p=1651"},"modified":"2021-02-02T10:13:02","modified_gmt":"2021-02-02T13:13:02","slug":"produtos-veganos-de-jaca-brasilense-ganham-o-brasil","status":"publish","type":"post","link":"https:\/\/blogs.correiobraziliense.com.br\/capital-sa\/2021\/02\/02\/produtos-veganos-de-jaca-brasilense-ganham-o-brasil\/","title":{"rendered":"Produtos veganos de jaca brasilense ganham o Brasil"},"content":{"rendered":"<p>Coxinha de jaca e p\u00e3o de beijo s\u00e3o alguns dos produtos veganos que o Distrito Federal exporta para diversas cidades do Brasil. Todos da marca Burin Alimentos Artesanais, cuja produ\u00e7\u00e3o vem de uma propriedade de 16 hectares, em Sobradinho.<\/p>\n<p>H\u00e1 8 anos, Carla Burin trocou o emprego p\u00fablico no GDF pelo empreendedorismo. Hoje, aos 44 anos, administra a marca que, em plena pandemia, conseguiu abrir novas rotas de mercado, aumentando a produ\u00e7\u00e3o e o lucro da empresa.<\/p>\n<p>A empresa exporta para as cidades de Goi\u00e2nia e S\u00e3o Paulo. \u201cA cada 15 dias, enviamos produtos para que sejam revendidos em S\u00e3o Paulo. \u00c9 l\u00e1 que est\u00e1 o nosso o maior mercado no momento\u201d, revela Carla.<\/p>\n<p>&nbsp;<\/p>\n<p><img loading=\"lazy\" decoding=\"async\" class=\"aligncenter size-medium wp-image-1657\" src=\"https:\/\/blogs.correiobraziliense.com.br\/capital-sa\/wp-content\/uploads\/sites\/59\/2021\/02\/220661D6-60DE-4FF5-846D-DE33B9D2017C-225x300.jpeg\" alt=\"\" width=\"225\" height=\"300\" srcset=\"https:\/\/blogs.correiobraziliense.com.br\/capital-sa\/wp-content\/uploads\/sites\/59\/2021\/02\/220661D6-60DE-4FF5-846D-DE33B9D2017C-225x300.jpeg 225w, https:\/\/blogs.correiobraziliense.com.br\/capital-sa\/wp-content\/uploads\/sites\/59\/2021\/02\/220661D6-60DE-4FF5-846D-DE33B9D2017C-768x1024.jpeg 768w, https:\/\/blogs.correiobraziliense.com.br\/capital-sa\/wp-content\/uploads\/sites\/59\/2021\/02\/220661D6-60DE-4FF5-846D-DE33B9D2017C-800x1067.jpeg 800w, https:\/\/blogs.correiobraziliense.com.br\/capital-sa\/wp-content\/uploads\/sites\/59\/2021\/02\/220661D6-60DE-4FF5-846D-DE33B9D2017C-550x733.jpeg 550w, https:\/\/blogs.correiobraziliense.com.br\/capital-sa\/wp-content\/uploads\/sites\/59\/2021\/02\/220661D6-60DE-4FF5-846D-DE33B9D2017C-230x307.jpeg 230w, https:\/\/blogs.correiobraziliense.com.br\/capital-sa\/wp-content\/uploads\/sites\/59\/2021\/02\/220661D6-60DE-4FF5-846D-DE33B9D2017C.jpeg 960w\" sizes=\"auto, (max-width: 225px) 100vw, 225px\" \/><\/p>\n<p><b><u><br \/>\nLinha de congelados<\/u><\/b><\/p>\n<p>Com a consultoria do Sebrae no DF, ela focou na produ\u00e7\u00e3o de alimentos veganos congelados, como carne de jaca, coxinha de jaca, p\u00e3o de beijo (vers\u00e3o vegana do tradicional p\u00e3o de queijo).<br \/>\nCarla Burin conseguiu ampliar o mercado durante a pandemia, em cidades de Catal\u00e3o (GO), Caxias do Sul (RS) e Teresina (PI).<\/p>\n<p><img loading=\"lazy\" decoding=\"async\" class=\"aligncenter size-medium wp-image-1659\" src=\"https:\/\/blogs.correiobraziliense.com.br\/capital-sa\/wp-content\/uploads\/sites\/59\/2021\/02\/80F72AFC-A41C-47B9-9D0F-3BEBB8B6DBAF-300x200.jpeg\" alt=\"\" width=\"300\" height=\"200\" srcset=\"https:\/\/blogs.correiobraziliense.com.br\/capital-sa\/wp-content\/uploads\/sites\/59\/2021\/02\/80F72AFC-A41C-47B9-9D0F-3BEBB8B6DBAF-300x200.jpeg 300w, https:\/\/blogs.correiobraziliense.com.br\/capital-sa\/wp-content\/uploads\/sites\/59\/2021\/02\/80F72AFC-A41C-47B9-9D0F-3BEBB8B6DBAF-768x512.jpeg 768w, https:\/\/blogs.correiobraziliense.com.br\/capital-sa\/wp-content\/uploads\/sites\/59\/2021\/02\/80F72AFC-A41C-47B9-9D0F-3BEBB8B6DBAF-1024x682.jpeg 1024w, https:\/\/blogs.correiobraziliense.com.br\/capital-sa\/wp-content\/uploads\/sites\/59\/2021\/02\/80F72AFC-A41C-47B9-9D0F-3BEBB8B6DBAF-800x533.jpeg 800w, https:\/\/blogs.correiobraziliense.com.br\/capital-sa\/wp-content\/uploads\/sites\/59\/2021\/02\/80F72AFC-A41C-47B9-9D0F-3BEBB8B6DBAF-550x367.jpeg 550w, https:\/\/blogs.correiobraziliense.com.br\/capital-sa\/wp-content\/uploads\/sites\/59\/2021\/02\/80F72AFC-A41C-47B9-9D0F-3BEBB8B6DBAF-230x153.jpeg 230w, https:\/\/blogs.correiobraziliense.com.br\/capital-sa\/wp-content\/uploads\/sites\/59\/2021\/02\/80F72AFC-A41C-47B9-9D0F-3BEBB8B6DBAF.jpeg 1280w\" sizes=\"auto, (max-width: 300px) 100vw, 300px\" \/><\/p>\n<p><b>Recorde de vendas<\/b><\/p>\n<p>\u201cA nossa produ\u00e7\u00e3o mais do que dobrou. Nossos produtos v\u00e3o embalados em caixinhas de 500 gramas. Vend\u00edamos cerca de 1 mil por m\u00eas e, depois de mar\u00e7o, essa demanda saltou para mais de 2 mil, nos fazendo ultrapassar o recorde de 100 mil unidades de salgados em um ano\u201d, conta a empreendedora.<\/p>\n<p><b>Lombo de jaca\u00a0<\/b><\/p>\n<p>A Burin tamb\u00e9m registrou outro grande feito: a produ\u00e7\u00e3o de 5 toneladas de carne de jaca em um s\u00f3 ano. \u201cUsamos a jaca verde, que \u00e9 produzida aqui na nossa propriedade. Tamb\u00e9m recebo de outros produtores org\u00e2nicos da regi\u00e3o\u201d, explica Carla.<\/p>\n<p>Na \u00e9poca do Natal, ela aproveitou para lan\u00e7ar um novo produto, o lombo de jaca, op\u00e7\u00e3o vegana para substituir o lombo su\u00edno.<\/p>\n<p><img loading=\"lazy\" decoding=\"async\" class=\"aligncenter size-medium wp-image-1660\" src=\"https:\/\/blogs.correiobraziliense.com.br\/capital-sa\/wp-content\/uploads\/sites\/59\/2021\/02\/52444778-F5D0-41FC-AE92-86E5BD92046C-225x300.jpeg\" alt=\"\" width=\"225\" height=\"300\" srcset=\"https:\/\/blogs.correiobraziliense.com.br\/capital-sa\/wp-content\/uploads\/sites\/59\/2021\/02\/52444778-F5D0-41FC-AE92-86E5BD92046C-225x300.jpeg 225w, https:\/\/blogs.correiobraziliense.com.br\/capital-sa\/wp-content\/uploads\/sites\/59\/2021\/02\/52444778-F5D0-41FC-AE92-86E5BD92046C-768x1024.jpeg 768w, https:\/\/blogs.correiobraziliense.com.br\/capital-sa\/wp-content\/uploads\/sites\/59\/2021\/02\/52444778-F5D0-41FC-AE92-86E5BD92046C-800x1067.jpeg 800w, https:\/\/blogs.correiobraziliense.com.br\/capital-sa\/wp-content\/uploads\/sites\/59\/2021\/02\/52444778-F5D0-41FC-AE92-86E5BD92046C-550x733.jpeg 550w, https:\/\/blogs.correiobraziliense.com.br\/capital-sa\/wp-content\/uploads\/sites\/59\/2021\/02\/52444778-F5D0-41FC-AE92-86E5BD92046C-230x307.jpeg 230w, https:\/\/blogs.correiobraziliense.com.br\/capital-sa\/wp-content\/uploads\/sites\/59\/2021\/02\/52444778-F5D0-41FC-AE92-86E5BD92046C.jpeg 960w\" sizes=\"auto, (max-width: 225px) 100vw, 225px\" \/><\/p>\n<p>\u201cA ideia \u00e9 ampliar a nossa agroind\u00fastria para produzir mais e alcan\u00e7ar mais pontos de vendas nas redes de supermercados do DF\u201d, conta Carla Burin.<\/p>\n<p><b>Em mem\u00f3ria do pai<\/b><\/p>\n<p>Em meio a tanto trabalho, a empreendedora sofreu a perda do pai, por c\u00e2ncer. Ele tamb\u00e9m participava do empreendimento.<\/p>\n<p>\u201cN\u00e3o sei explicar como consegui for\u00e7as para trabalhar durante esse per\u00edodo, mas consegui, com muito esfor\u00e7o e apoio, manter as atividades da empresa\u201d, desabafa, determinada a dar continuidade ao neg\u00f3cio da fam\u00edlia.<\/p>\n","protected":false},"excerpt":{"rendered":"<p>Coxinha de jaca e p\u00e3o de beijo s\u00e3o alguns dos produtos veganos que o Distrito Federal exporta para diversas cidades do Brasil. Todos da marca Burin Alimentos Artesanais, cuja produ\u00e7\u00e3o vem de uma propriedade de 16 hectares, em Sobradinho. H\u00e1 8 anos, Carla Burin trocou o emprego p\u00fablico no GDF pelo empreendedorismo. Hoje, aos 44 anos, administra a marca que, [&hellip;]<\/p>\n","protected":false},"author":125,"featured_media":1654,"comment_status":"open","ping_status":"open","sticky":false,"template":"","format":"standard","meta":{"footnotes":""},"categories":[1],"tags":[],"class_list":["post-1651","post","type-post","status-publish","format-standard","has-post-thumbnail","hentry","category-sem-categoria"],"_links":{"self":[{"href":"https:\/\/blogs.correiobraziliense.com.br\/capital-sa\/wp-json\/wp\/v2\/posts\/1651","targetHints":{"allow":["GET"]}}],"collection":[{"href":"https:\/\/blogs.correiobraziliense.com.br\/capital-sa\/wp-json\/wp\/v2\/posts"}],"about":[{"href":"https:\/\/blogs.correiobraziliense.com.br\/capital-sa\/wp-json\/wp\/v2\/types\/post"}],"author":[{"embeddable":true,"href":"https:\/\/blogs.correiobraziliense.com.br\/capital-sa\/wp-json\/wp\/v2\/users\/125"}],"replies":[{"embeddable":true,"href":"https:\/\/blogs.correiobraziliense.com.br\/capital-sa\/wp-json\/wp\/v2\/comments?post=1651"}],"version-history":[{"count":6,"href":"https:\/\/blogs.correiobraziliense.com.br\/capital-sa\/wp-json\/wp\/v2\/posts\/1651\/revisions"}],"predecessor-version":[{"id":1662,"href":"https:\/\/blogs.correiobraziliense.com.br\/capital-sa\/wp-json\/wp\/v2\/posts\/1651\/revisions\/1662"}],"wp:featuredmedia":[{"embeddable":true,"href":"https:\/\/blogs.correiobraziliense.com.br\/capital-sa\/wp-json\/wp\/v2\/media\/1654"}],"wp:attachment":[{"href":"https:\/\/blogs.correiobraziliense.com.br\/capital-sa\/wp-json\/wp\/v2\/media?parent=1651"}],"wp:term":[{"taxonomy":"category","embeddable":true,"href":"https:\/\/blogs.correiobraziliense.com.br\/capital-sa\/wp-json\/wp\/v2\/categories?post=1651"},{"taxonomy":"post_tag","embeddable":true,"href":"https:\/\/blogs.correiobraziliense.com.br\/capital-sa\/wp-json\/wp\/v2\/tags?post=1651"}],"curies":[{"name":"wp","href":"https:\/\/api.w.org\/{rel}","templated":true}]}}