{"id":16504,"date":"2024-06-27T13:01:18","date_gmt":"2024-06-27T16:01:18","guid":{"rendered":"https:\/\/blogs.correiobraziliense.com.br\/capital-sa\/?p=16504"},"modified":"2024-06-27T18:27:33","modified_gmt":"2024-06-27T21:27:33","slug":"visa-cria-nova-area-de-solucoes-governamentais-para-agilizar-pagamentos-do-setor-publico","status":"publish","type":"post","link":"https:\/\/blogs.correiobraziliense.com.br\/capital-sa\/2024\/06\/27\/visa-cria-nova-area-de-solucoes-governamentais-para-agilizar-pagamentos-do-setor-publico\/","title":{"rendered":"Visa cria nova \u00e1rea de Solu\u00e7\u00f5es Governamentais para agilizar pagamentos do setor p\u00fablico"},"content":{"rendered":"<p class=\"p1\"><strong>Por Samanta Sallum\u00a0<\/strong><\/p>\n<p class=\"p1\"><span class=\"s1\">A Visa anunciou a estrutura\u00e7\u00e3o da Visa Government Solutions (VGS), sua nova \u00e1rea de Solu\u00e7\u00f5es Governamentais no Brasil. Trata-se de uma a\u00e7\u00e3o estrat\u00e9gica voltada a ajudar \u00f3rg\u00e3os p\u00fablicos municipais, estaduais e federais a aumentar efici\u00eancia, transpar\u00eancia, acesso e alcance do pagamento digital. O esfor\u00e7o envolve a cria\u00e7\u00e3o de novos cargos globais, incluindo a nomea\u00e7\u00e3o do venezuelano Juan Carlos Cogorno como l\u00edder de Solu\u00e7\u00f5es Governamentais da Visa para a Am\u00e9rica Latina e o Caribe.<br \/>\n<\/span><\/p>\n<p class=\"p1\"><span class=\"s1\">\u201cTendo em vista a crescente transi\u00e7\u00e3o mundial para o digital, a digitaliza\u00e7\u00e3o dos pagamentos no setor p\u00fablico n\u00e3o \u00e9 mais s\u00f3 uma op\u00e7\u00e3o, sendo fundamental em quase todas as intera\u00e7\u00f5es com cidad\u00e3os e empresas\u201d, diz o executivo.<\/span><\/p>\n<p class=\"p1\"><strong><span class=\"s1\">Programa P\u00e9 de Meia <\/span><\/strong><\/p>\n<p class=\"p1\"><span class=\"s1\">No in\u00edcio do ano, o Brasil anunciou o programa P\u00e9 de Meia, um incentivo financeiro-educacional que busca combater a evas\u00e3o escolar nas fam\u00edlias que recebem o subs\u00eddio familiar do governo. A expectativa \u00e9 de que o programa atenda cerca de 2,5 milh\u00f5es de alunos por ano e os fundos sejam depositados em caderneta de poupan\u00e7a e acessados por meio do aplicativo CAIXA Tem, com credenciais Visa.<\/span><\/p>\n","protected":false},"excerpt":{"rendered":"<p>Por Samanta Sallum\u00a0 A Visa anunciou a estrutura\u00e7\u00e3o da Visa Government Solutions (VGS), sua nova \u00e1rea de Solu\u00e7\u00f5es Governamentais no Brasil. Trata-se de uma a\u00e7\u00e3o estrat\u00e9gica voltada a ajudar \u00f3rg\u00e3os p\u00fablicos municipais, estaduais e federais a aumentar efici\u00eancia, transpar\u00eancia, acesso e alcance do pagamento digital. O esfor\u00e7o envolve a cria\u00e7\u00e3o de novos cargos globais, incluindo a nomea\u00e7\u00e3o do venezuelano Juan [&hellip;]<\/p>\n","protected":false},"author":125,"featured_media":16507,"comment_status":"open","ping_status":"open","sticky":false,"template":"","format":"standard","meta":{"footnotes":""},"categories":[6],"tags":[276,918,575,2292,2161],"class_list":["post-16504","post","type-post","status-publish","format-standard","has-post-thumbnail","hentry","category-coluna-capital-s-a","tag-economia","tag-eficiencia","tag-incentivo","tag-transparencia","tag-visa"],"_links":{"self":[{"href":"https:\/\/blogs.correiobraziliense.com.br\/capital-sa\/wp-json\/wp\/v2\/posts\/16504","targetHints":{"allow":["GET"]}}],"collection":[{"href":"https:\/\/blogs.correiobraziliense.com.br\/capital-sa\/wp-json\/wp\/v2\/posts"}],"about":[{"href":"https:\/\/blogs.correiobraziliense.com.br\/capital-sa\/wp-json\/wp\/v2\/types\/post"}],"author":[{"embeddable":true,"href":"https:\/\/blogs.correiobraziliense.com.br\/capital-sa\/wp-json\/wp\/v2\/users\/125"}],"replies":[{"embeddable":true,"href":"https:\/\/blogs.correiobraziliense.com.br\/capital-sa\/wp-json\/wp\/v2\/comments?post=16504"}],"version-history":[{"count":4,"href":"https:\/\/blogs.correiobraziliense.com.br\/capital-sa\/wp-json\/wp\/v2\/posts\/16504\/revisions"}],"predecessor-version":[{"id":16513,"href":"https:\/\/blogs.correiobraziliense.com.br\/capital-sa\/wp-json\/wp\/v2\/posts\/16504\/revisions\/16513"}],"wp:featuredmedia":[{"embeddable":true,"href":"https:\/\/blogs.correiobraziliense.com.br\/capital-sa\/wp-json\/wp\/v2\/media\/16507"}],"wp:attachment":[{"href":"https:\/\/blogs.correiobraziliense.com.br\/capital-sa\/wp-json\/wp\/v2\/media?parent=16504"}],"wp:term":[{"taxonomy":"category","embeddable":true,"href":"https:\/\/blogs.correiobraziliense.com.br\/capital-sa\/wp-json\/wp\/v2\/categories?post=16504"},{"taxonomy":"post_tag","embeddable":true,"href":"https:\/\/blogs.correiobraziliense.com.br\/capital-sa\/wp-json\/wp\/v2\/tags?post=16504"}],"curies":[{"name":"wp","href":"https:\/\/api.w.org\/{rel}","templated":true}]}}