{"id":16498,"date":"2024-06-27T12:54:05","date_gmt":"2024-06-27T15:54:05","guid":{"rendered":"https:\/\/blogs.correiobraziliense.com.br\/capital-sa\/?p=16498"},"modified":"2024-06-27T18:25:10","modified_gmt":"2024-06-27T21:25:10","slug":"instituto-gerdau-cria-fundo-emergencial-para-o-rs","status":"publish","type":"post","link":"https:\/\/blogs.correiobraziliense.com.br\/capital-sa\/2024\/06\/27\/instituto-gerdau-cria-fundo-emergencial-para-o-rs\/","title":{"rendered":"Instituto Gerdau cria fundo emergencial para o RS"},"content":{"rendered":"<p><em><strong>Iniciativa j\u00e1 recebeu aporte de R$ 38 milh\u00f5es com participa\u00e7\u00e3o da Vale<\/strong><\/em><\/p>\n<p class=\"p1\"><strong>Por Samanta Sallum\u00a0<\/strong><\/p>\n<p class=\"p1\"><span class=\"s1\">RegeneraRS \u00e9 um fundo filantr\u00f3pico emergencial, criado na semana passada, para mobilizar recursos aos impactados pela trag\u00e9dia clim\u00e1tica no Rio Grande do Sul. Foi idealizado pelo Instituto Helda Gerdau (IHG), em parceria com a Din4mo Lab, que far\u00e1 a gest\u00e3o. Nasce com aportes de R$ 30 milh\u00f5es da Gerdau e do IHG, e de R$8 milh\u00f5es da Vale, a meta \u00e9 captar um total de R$ 100 milh\u00f5es para apoiar projetos em quatro \u00e1reas tem\u00e1ticas: Educa\u00e7\u00e3o, Habita\u00e7\u00e3o, Solu\u00e7\u00f5es Urbanas e Apoio a Neg\u00f3cios. <\/span><\/p>\n<p class=\"p1\"><span class=\"s1\">\u201cCuidar do presente, mas tamb\u00e9m pensar o futuro. Essa \u00e9 a premissa que orienta o trabalho do RegeneraRS. Queremos ajudar na reconstru\u00e7\u00e3o do estado, apoiando projetos que contribuam com o amanh\u00e3 mais sustent\u00e1vel. Acreditamos que, com a a\u00e7\u00e3o coletiva, podemos construir um Rio Grande do Sul mais preparado e mais consciente em rela\u00e7\u00e3o \u00e0s mudan\u00e7as clim\u00e1ticas\u201d, afirma a diretora do IHG\u00a0<\/span>Beatriz Johannpeter.<\/p>\n","protected":false},"excerpt":{"rendered":"<p>Iniciativa j\u00e1 recebeu aporte de R$ 38 milh\u00f5es com participa\u00e7\u00e3o da Vale Por Samanta Sallum\u00a0 RegeneraRS \u00e9 um fundo filantr\u00f3pico emergencial, criado na semana passada, para mobilizar recursos aos impactados pela trag\u00e9dia clim\u00e1tica no Rio Grande do Sul. Foi idealizado pelo Instituto Helda Gerdau (IHG), em parceria com a Din4mo Lab, que far\u00e1 a gest\u00e3o. Nasce com aportes de R$ [&hellip;]<\/p>\n","protected":false},"author":125,"featured_media":16503,"comment_status":"open","ping_status":"open","sticky":false,"template":"","format":"standard","meta":{"footnotes":""},"categories":[6],"tags":[2291,2288,2290,2289],"class_list":["post-16498","post","type-post","status-publish","format-standard","has-post-thumbnail","hentry","category-coluna-capital-s-a","tag-emergenciaclimatica","tag-gerdau","tag-ihg","tag-regenerars"],"_links":{"self":[{"href":"https:\/\/blogs.correiobraziliense.com.br\/capital-sa\/wp-json\/wp\/v2\/posts\/16498","targetHints":{"allow":["GET"]}}],"collection":[{"href":"https:\/\/blogs.correiobraziliense.com.br\/capital-sa\/wp-json\/wp\/v2\/posts"}],"about":[{"href":"https:\/\/blogs.correiobraziliense.com.br\/capital-sa\/wp-json\/wp\/v2\/types\/post"}],"author":[{"embeddable":true,"href":"https:\/\/blogs.correiobraziliense.com.br\/capital-sa\/wp-json\/wp\/v2\/users\/125"}],"replies":[{"embeddable":true,"href":"https:\/\/blogs.correiobraziliense.com.br\/capital-sa\/wp-json\/wp\/v2\/comments?post=16498"}],"version-history":[{"count":5,"href":"https:\/\/blogs.correiobraziliense.com.br\/capital-sa\/wp-json\/wp\/v2\/posts\/16498\/revisions"}],"predecessor-version":[{"id":16511,"href":"https:\/\/blogs.correiobraziliense.com.br\/capital-sa\/wp-json\/wp\/v2\/posts\/16498\/revisions\/16511"}],"wp:featuredmedia":[{"embeddable":true,"href":"https:\/\/blogs.correiobraziliense.com.br\/capital-sa\/wp-json\/wp\/v2\/media\/16503"}],"wp:attachment":[{"href":"https:\/\/blogs.correiobraziliense.com.br\/capital-sa\/wp-json\/wp\/v2\/media?parent=16498"}],"wp:term":[{"taxonomy":"category","embeddable":true,"href":"https:\/\/blogs.correiobraziliense.com.br\/capital-sa\/wp-json\/wp\/v2\/categories?post=16498"},{"taxonomy":"post_tag","embeddable":true,"href":"https:\/\/blogs.correiobraziliense.com.br\/capital-sa\/wp-json\/wp\/v2\/tags?post=16498"}],"curies":[{"name":"wp","href":"https:\/\/api.w.org\/{rel}","templated":true}]}}