{"id":16462,"date":"2024-06-25T15:10:18","date_gmt":"2024-06-25T18:10:18","guid":{"rendered":"https:\/\/blogs.correiobraziliense.com.br\/capital-sa\/?p=16462"},"modified":"2024-06-25T18:47:07","modified_gmt":"2024-06-25T21:47:07","slug":"lula-designa-inmetro-para-certificacao-do-selo-verde-de-produtos","status":"publish","type":"post","link":"https:\/\/blogs.correiobraziliense.com.br\/capital-sa\/2024\/06\/25\/lula-designa-inmetro-para-certificacao-do-selo-verde-de-produtos\/","title":{"rendered":"Lula designa Inmetro para certifica\u00e7\u00e3o do selo verde de produtos"},"content":{"rendered":"<p class=\"p1\"><strong>Por Samanta Sallum\u00a0<\/strong><\/p>\n<p class=\"p1\"><span class=\"s1\">No m\u00eas em que \u00e9 comemorado o Dia Mundial do Meio Ambiente, o Presidente Lu\u00eds In\u00e1cio Lula da Silva assinou o Decreto n\u00ba 12.063 de 17 de junho de 2024, instituindo o programa Selo Verde Brasil. A iniciativa est\u00e1 no \u00e2mbito do Minist\u00e9rio do Desenvolvimento, Ind\u00fastria, Com\u00e9rcio e Servi\u00e7os (MDIC) e tem o objetivo de elaborar diretrizes nacionais para a certifica\u00e7\u00e3o de produtos e servi\u00e7os que comprovadamente atendam aos requisitos de sustentabilidade. O Instituto Nacional de Metrologia, Qualidade e Tecnologia (Inmetro), que tem sede em Bras\u00edlia, possui na sua infraestrutura nacional uma rede de laborat\u00f3rios e organismos de certifica\u00e7\u00e3o acreditados no Brasil.<\/span><\/p>\n<p class=\"p1\"><strong><span class=\"s1\">Passaporte para exporta\u00e7\u00e3o <\/span><\/strong><\/p>\n<p class=\"p1\"><span class=\"s1\">Produtos, por exemplo, como a\u00e7a\u00ed, farinha, guaran\u00e1, castanha e cupua\u00e7u ter\u00e3o um reconhecimento de qualidade, agregando valor em toda cadeia produtiva.<\/span><\/p>\n<p class=\"p1\"><span class=\"s1\">O presidente do Inmetro, M\u00e1rcio Andr\u00e9 Brito, explica que o Programa Selo Verde Brasil pode ser entendido como um passaporte para exportar. \u201c\u00c9 uma certifica\u00e7\u00e3o \u00fanica que auxiliar\u00e1 os exportadores brasileiros a comprovar o cumprimento de normas, padr\u00f5es e regulamentos ambientais dos principais mercados internacionais, o que contribuir\u00e1 para a desburocratiza\u00e7\u00e3o e a redu\u00e7\u00e3o de custos ao exportador.\u201d<\/span><\/p>\n","protected":false},"excerpt":{"rendered":"<p>Por Samanta Sallum\u00a0 No m\u00eas em que \u00e9 comemorado o Dia Mundial do Meio Ambiente, o Presidente Lu\u00eds In\u00e1cio Lula da Silva assinou o Decreto n\u00ba 12.063 de 17 de junho de 2024, instituindo o programa Selo Verde Brasil. A iniciativa est\u00e1 no \u00e2mbito do Minist\u00e9rio do Desenvolvimento, Ind\u00fastria, Com\u00e9rcio e Servi\u00e7os (MDIC) e tem o objetivo de elaborar diretrizes [&hellip;]<\/p>\n","protected":false},"author":125,"featured_media":16465,"comment_status":"open","ping_status":"open","sticky":false,"template":"","format":"standard","meta":{"footnotes":""},"categories":[6],"tags":[2021,1214,2129,1165,2117,1199,2285,326],"class_list":["post-16462","post","type-post","status-publish","format-standard","has-post-thumbnail","hentry","category-coluna-capital-s-a","tag-desburocratizacao","tag-exportacoes","tag-inmetro","tag-lula","tag-mdic","tag-meioambiente","tag-seloverdebrasil","tag-sustentabilidade"],"_links":{"self":[{"href":"https:\/\/blogs.correiobraziliense.com.br\/capital-sa\/wp-json\/wp\/v2\/posts\/16462","targetHints":{"allow":["GET"]}}],"collection":[{"href":"https:\/\/blogs.correiobraziliense.com.br\/capital-sa\/wp-json\/wp\/v2\/posts"}],"about":[{"href":"https:\/\/blogs.correiobraziliense.com.br\/capital-sa\/wp-json\/wp\/v2\/types\/post"}],"author":[{"embeddable":true,"href":"https:\/\/blogs.correiobraziliense.com.br\/capital-sa\/wp-json\/wp\/v2\/users\/125"}],"replies":[{"embeddable":true,"href":"https:\/\/blogs.correiobraziliense.com.br\/capital-sa\/wp-json\/wp\/v2\/comments?post=16462"}],"version-history":[{"count":2,"href":"https:\/\/blogs.correiobraziliense.com.br\/capital-sa\/wp-json\/wp\/v2\/posts\/16462\/revisions"}],"predecessor-version":[{"id":16464,"href":"https:\/\/blogs.correiobraziliense.com.br\/capital-sa\/wp-json\/wp\/v2\/posts\/16462\/revisions\/16464"}],"wp:featuredmedia":[{"embeddable":true,"href":"https:\/\/blogs.correiobraziliense.com.br\/capital-sa\/wp-json\/wp\/v2\/media\/16465"}],"wp:attachment":[{"href":"https:\/\/blogs.correiobraziliense.com.br\/capital-sa\/wp-json\/wp\/v2\/media?parent=16462"}],"wp:term":[{"taxonomy":"category","embeddable":true,"href":"https:\/\/blogs.correiobraziliense.com.br\/capital-sa\/wp-json\/wp\/v2\/categories?post=16462"},{"taxonomy":"post_tag","embeddable":true,"href":"https:\/\/blogs.correiobraziliense.com.br\/capital-sa\/wp-json\/wp\/v2\/tags?post=16462"}],"curies":[{"name":"wp","href":"https:\/\/api.w.org\/{rel}","templated":true}]}}