{"id":16458,"date":"2024-06-25T14:05:02","date_gmt":"2024-06-25T17:05:02","guid":{"rendered":"https:\/\/blogs.correiobraziliense.com.br\/capital-sa\/?p=16458"},"modified":"2024-06-25T18:31:11","modified_gmt":"2024-06-25T21:31:11","slug":"ana-castela-vivo-e-a-forca-do-agro","status":"publish","type":"post","link":"https:\/\/blogs.correiobraziliense.com.br\/capital-sa\/2024\/06\/25\/ana-castela-vivo-e-a-forca-do-agro\/","title":{"rendered":"Ana Castela, Vivo e a for\u00e7a do agro"},"content":{"rendered":"<p class=\"p1\"><strong>Por Samanta Sallum\u00a0<\/strong><\/p>\n<p class=\"p1\"><span class=\"s1\">Ana Castela, uma das artistas mais ouvidas no Spotify Brasil, \u00e9 a<span class=\"Apple-converted-space\">\u00a0<\/span>nova embaixadora da Vivo. Lan\u00e7ou, na semana passada, uma m\u00fasica in\u00e9dita em homenagem ao Centro-Oeste, regi\u00e3o onde a boiadeira nasceu e tem um alt\u00edssimo reconhecimento.<br \/>\n<\/span><\/p>\n<p class=\"p1\"><span class=\"s1\">A m\u00fasica &#8220;Eu Vivo&#8221; teve sua letra criada em parceria com a pr\u00f3pria cantora e est\u00e1 dispon\u00edvel nos principais streamings de m\u00fasica do pa\u00eds, al\u00e9m de ganhar um videoclipe onde Ana Castela mostra toda a pluralidade de cen\u00e1rios do Centro-Oeste, passando desde as belezas naturais da regi\u00e3o at\u00e9 a for\u00e7a do agroneg\u00f3cio.<br \/>\n<\/span><\/p>\n<p class=\"p1\"><span class=\"s1\">O clipe tamb\u00e9m mostra uma diversidade de pessoas usando a tecnologia e conex\u00e3o em sua rotina nos mais diferentes locais e situa\u00e7\u00f5es.<\/span><\/p>\n","protected":false},"excerpt":{"rendered":"<p>Por Samanta Sallum\u00a0 Ana Castela, uma das artistas mais ouvidas no Spotify Brasil, \u00e9 a\u00a0nova embaixadora da Vivo. Lan\u00e7ou, na semana passada, uma m\u00fasica in\u00e9dita em homenagem ao Centro-Oeste, regi\u00e3o onde a boiadeira nasceu e tem um alt\u00edssimo reconhecimento. A m\u00fasica &#8220;Eu Vivo&#8221; teve sua letra criada em parceria com a pr\u00f3pria cantora e est\u00e1 dispon\u00edvel nos principais streamings de [&hellip;]<\/p>\n","protected":false},"author":125,"featured_media":16461,"comment_status":"open","ping_status":"open","sticky":false,"template":"","format":"standard","meta":{"footnotes":""},"categories":[6],"tags":[2268,2274,180,2275,882],"class_list":["post-16458","post","type-post","status-publish","format-standard","has-post-thumbnail","hentry","category-coluna-capital-s-a","tag-agro","tag-anacastela","tag-musica","tag-spotify","tag-vivo"],"_links":{"self":[{"href":"https:\/\/blogs.correiobraziliense.com.br\/capital-sa\/wp-json\/wp\/v2\/posts\/16458","targetHints":{"allow":["GET"]}}],"collection":[{"href":"https:\/\/blogs.correiobraziliense.com.br\/capital-sa\/wp-json\/wp\/v2\/posts"}],"about":[{"href":"https:\/\/blogs.correiobraziliense.com.br\/capital-sa\/wp-json\/wp\/v2\/types\/post"}],"author":[{"embeddable":true,"href":"https:\/\/blogs.correiobraziliense.com.br\/capital-sa\/wp-json\/wp\/v2\/users\/125"}],"replies":[{"embeddable":true,"href":"https:\/\/blogs.correiobraziliense.com.br\/capital-sa\/wp-json\/wp\/v2\/comments?post=16458"}],"version-history":[{"count":4,"href":"https:\/\/blogs.correiobraziliense.com.br\/capital-sa\/wp-json\/wp\/v2\/posts\/16458\/revisions"}],"predecessor-version":[{"id":16467,"href":"https:\/\/blogs.correiobraziliense.com.br\/capital-sa\/wp-json\/wp\/v2\/posts\/16458\/revisions\/16467"}],"wp:featuredmedia":[{"embeddable":true,"href":"https:\/\/blogs.correiobraziliense.com.br\/capital-sa\/wp-json\/wp\/v2\/media\/16461"}],"wp:attachment":[{"href":"https:\/\/blogs.correiobraziliense.com.br\/capital-sa\/wp-json\/wp\/v2\/media?parent=16458"}],"wp:term":[{"taxonomy":"category","embeddable":true,"href":"https:\/\/blogs.correiobraziliense.com.br\/capital-sa\/wp-json\/wp\/v2\/categories?post=16458"},{"taxonomy":"post_tag","embeddable":true,"href":"https:\/\/blogs.correiobraziliense.com.br\/capital-sa\/wp-json\/wp\/v2\/tags?post=16458"}],"curies":[{"name":"wp","href":"https:\/\/api.w.org\/{rel}","templated":true}]}}