{"id":16436,"date":"2024-06-24T15:33:38","date_gmt":"2024-06-24T18:33:38","guid":{"rendered":"https:\/\/blogs.correiobraziliense.com.br\/capital-sa\/?p=16436"},"modified":"2024-06-24T22:06:27","modified_gmt":"2024-06-25T01:06:27","slug":"novo-ponto-turistico-na-praca-dos-tres-poderes","status":"publish","type":"post","link":"https:\/\/blogs.correiobraziliense.com.br\/capital-sa\/2024\/06\/24\/novo-ponto-turistico-na-praca-dos-tres-poderes\/","title":{"rendered":"Novo ponto tur\u00edstico na Pra\u00e7a dos Tr\u00eas Poderes"},"content":{"rendered":"<p class=\"p1\"><strong>Por Samanta Sallum\u00a0<\/strong><\/p>\n<p class=\"p1\"><span class=\"s1\">Bras\u00edlia vai ganhar um presente nesta semana; a abertura de um espa\u00e7o l\u00fadico com muito sabor na Pra\u00e7a dos Tr\u00eas Poderes. O Senac-DF, em parceria com a Secretaria de Turismo do DF, prepara a inaugura\u00e7\u00e3o da Casa de Ch\u00e1, projeto de Oscar Niemeyer. O evento ser\u00e1 realizado na quarta-feira, dia 26, e contar\u00e1 com a presen\u00e7a de diversas autoridades.<\/span><\/p>\n<p class=\"p1\">O local, s\u00edmbolo da arquitetura da capital federal, \u00e9 tamb\u00e9m patrim\u00f4nio tombado pelo Iphan. Em parceria com a Associa\u00e7\u00e3o dos Designers de Produto do Distrito Federal (Adepro-DF), a Casa de Ch\u00e1 foi decorada com m\u00f3veis desenhados por profissionais de Bras\u00edlia e as pe\u00e7as apresentam o conceito modernista da d\u00e9cada de 60.<\/p>\n<p class=\"p1\">Outros m\u00f3veis originais da \u00e9poca, de grandes artistas, foram cedidos pela Aquiles Gallery. As cer\u00e2micas utilizadas tamb\u00e9m s\u00e3o todas de brasilienses, garantindo originalidade e refor\u00e7ando o conceito autoral da Casa de Ch\u00e1. O espa\u00e7o estar\u00e1 aberto ao p\u00fablico a partir de quinta-feira. Funcionar\u00e1 de quarta a domingo, das 10h \u00e0s 19h.<\/p>\n<p>Estar\u00e3o presentes \u00e0 inaugura\u00e7\u00e3o o presidente da Confedera\u00e7\u00e3o Nacional do Com\u00e9rcio, Jos\u00e9 Roberto Tadros; o Vice-presidente do Tribunal de Contas da Uni\u00e3o, Ministro Vital do R\u00eago; a senadora Damares Alves; o governador do Distrito Federal, Ibaneis Rocha; deputados federais e distritais do DF; e presidentes das federa\u00e7\u00f5es do com\u00e9rcio de todo o pa\u00eds; al\u00e9m do diretor do Departamento Nacional do Senac, Marcos Fernandes.<\/p>\n","protected":false},"excerpt":{"rendered":"<p>Por Samanta Sallum\u00a0 Bras\u00edlia vai ganhar um presente nesta semana; a abertura de um espa\u00e7o l\u00fadico com muito sabor na Pra\u00e7a dos Tr\u00eas Poderes. O Senac-DF, em parceria com a Secretaria de Turismo do DF, prepara a inaugura\u00e7\u00e3o da Casa de Ch\u00e1, projeto de Oscar Niemeyer. O evento ser\u00e1 realizado na quarta-feira, dia 26, e contar\u00e1 com a presen\u00e7a de [&hellip;]<\/p>\n","protected":false},"author":125,"featured_media":16440,"comment_status":"open","ping_status":"open","sticky":false,"template":"","format":"standard","meta":{"footnotes":""},"categories":[6],"tags":[2273,124,566,851,2160,333],"class_list":["post-16436","post","type-post","status-publish","format-standard","has-post-thumbnail","hentry","category-coluna-capital-s-a","tag-adepro-df","tag-brasilia","tag-iphan","tag-oscarniemeyer","tag-senac-df","tag-turismo"],"_links":{"self":[{"href":"https:\/\/blogs.correiobraziliense.com.br\/capital-sa\/wp-json\/wp\/v2\/posts\/16436","targetHints":{"allow":["GET"]}}],"collection":[{"href":"https:\/\/blogs.correiobraziliense.com.br\/capital-sa\/wp-json\/wp\/v2\/posts"}],"about":[{"href":"https:\/\/blogs.correiobraziliense.com.br\/capital-sa\/wp-json\/wp\/v2\/types\/post"}],"author":[{"embeddable":true,"href":"https:\/\/blogs.correiobraziliense.com.br\/capital-sa\/wp-json\/wp\/v2\/users\/125"}],"replies":[{"embeddable":true,"href":"https:\/\/blogs.correiobraziliense.com.br\/capital-sa\/wp-json\/wp\/v2\/comments?post=16436"}],"version-history":[{"count":5,"href":"https:\/\/blogs.correiobraziliense.com.br\/capital-sa\/wp-json\/wp\/v2\/posts\/16436\/revisions"}],"predecessor-version":[{"id":16446,"href":"https:\/\/blogs.correiobraziliense.com.br\/capital-sa\/wp-json\/wp\/v2\/posts\/16436\/revisions\/16446"}],"wp:featuredmedia":[{"embeddable":true,"href":"https:\/\/blogs.correiobraziliense.com.br\/capital-sa\/wp-json\/wp\/v2\/media\/16440"}],"wp:attachment":[{"href":"https:\/\/blogs.correiobraziliense.com.br\/capital-sa\/wp-json\/wp\/v2\/media?parent=16436"}],"wp:term":[{"taxonomy":"category","embeddable":true,"href":"https:\/\/blogs.correiobraziliense.com.br\/capital-sa\/wp-json\/wp\/v2\/categories?post=16436"},{"taxonomy":"post_tag","embeddable":true,"href":"https:\/\/blogs.correiobraziliense.com.br\/capital-sa\/wp-json\/wp\/v2\/tags?post=16436"}],"curies":[{"name":"wp","href":"https:\/\/api.w.org\/{rel}","templated":true}]}}