{"id":16425,"date":"2024-06-21T17:11:56","date_gmt":"2024-06-21T20:11:56","guid":{"rendered":"https:\/\/blogs.correiobraziliense.com.br\/capital-sa\/?p=16425"},"modified":"2024-06-22T10:39:27","modified_gmt":"2024-06-22T13:39:27","slug":"atacadistas-do-df-em-noite-de-premiacao-em-sp","status":"publish","type":"post","link":"https:\/\/blogs.correiobraziliense.com.br\/capital-sa\/2024\/06\/21\/atacadistas-do-df-em-noite-de-premiacao-em-sp\/","title":{"rendered":"Atacadistas do DF em noite de premia\u00e7\u00e3o em SP"},"content":{"rendered":"<p class=\"p1\"><strong>Por Samanta Sallum\u00a0<\/strong><\/p>\n<p class=\"p1\"><span class=\"s1\">\u00a0A\u00a0<\/span><span class=\"s1\">Associa\u00e7\u00e3o Brasileira de Atacadistas e Distribuidores (ABAD)\u00a0<\/span>premiou os maiores atacadistas e distribuidores de cada estado segundo o Ranking ABAD NielsenIQ 2024 \u2013 Ano Base 2023. Com todos os patrocinadores e apoiadores do evento no palco, os representantes das empresas vencedoras receberam a premia\u00e7\u00e3o das m\u00e3os do presidente Leonardo Miguel Severini. O Distrital Federal teve destaque na premia\u00e7\u00e3o. Representantes da dire\u00e7\u00e3o do Sindiatacadista e associados participaram do evento em Atibaia (SP).<\/p>\n<p class=\"p1\">O Atacad\u00e3o Dia a Dia foi um dos agraciados por ter registrado o maior faturamento do Centro-Oeste e o quinto do Brasil.<\/p>\n<p><img loading=\"lazy\" decoding=\"async\" class=\"aligncenter size-medium wp-image-16432\" src=\"https:\/\/blogs.correiobraziliense.com.br\/capital-sa\/wp-content\/uploads\/sites\/59\/2024\/06\/6EEF8A45-36FA-4A7E-AD23-29D3B87A3F0B-300x200.jpeg\" alt=\"\" width=\"300\" height=\"200\" srcset=\"https:\/\/blogs.correiobraziliense.com.br\/capital-sa\/wp-content\/uploads\/sites\/59\/2024\/06\/6EEF8A45-36FA-4A7E-AD23-29D3B87A3F0B-300x200.jpeg 300w, https:\/\/blogs.correiobraziliense.com.br\/capital-sa\/wp-content\/uploads\/sites\/59\/2024\/06\/6EEF8A45-36FA-4A7E-AD23-29D3B87A3F0B-768x512.jpeg 768w, https:\/\/blogs.correiobraziliense.com.br\/capital-sa\/wp-content\/uploads\/sites\/59\/2024\/06\/6EEF8A45-36FA-4A7E-AD23-29D3B87A3F0B-1024x682.jpeg 1024w, https:\/\/blogs.correiobraziliense.com.br\/capital-sa\/wp-content\/uploads\/sites\/59\/2024\/06\/6EEF8A45-36FA-4A7E-AD23-29D3B87A3F0B-800x533.jpeg 800w, https:\/\/blogs.correiobraziliense.com.br\/capital-sa\/wp-content\/uploads\/sites\/59\/2024\/06\/6EEF8A45-36FA-4A7E-AD23-29D3B87A3F0B-550x367.jpeg 550w, https:\/\/blogs.correiobraziliense.com.br\/capital-sa\/wp-content\/uploads\/sites\/59\/2024\/06\/6EEF8A45-36FA-4A7E-AD23-29D3B87A3F0B-230x153.jpeg 230w, https:\/\/blogs.correiobraziliense.com.br\/capital-sa\/wp-content\/uploads\/sites\/59\/2024\/06\/6EEF8A45-36FA-4A7E-AD23-29D3B87A3F0B.jpeg 1280w\" sizes=\"auto, (max-width: 300px) 100vw, 300px\" \/><\/p>\n<p class=\"p1\"><strong><span class=\"s1\">Intelig\u00eancia Artificial no foco das empresas <\/span><\/strong><\/p>\n<p class=\"p1\"><span class=\"s1\">A 43\u00aa Conven\u00e7\u00e3o Nacional e Anual do Canal Indireto reuniu lideran\u00e7as do setor atacadista-distribuidor de todo pa\u00eds. O tema principal foi \u201cNa Era da Intelig\u00eancia Artificial\u201d. \u201cAs empresas precisam de uma adapta\u00e7\u00e3o urgente a essa nova realidade que j\u00e1 come\u00e7a a impactar e transformar de maneira profunda os neg\u00f3cios\u201d, disse o presidente da ABAD.<\/span><\/p>\n<p class=\"p1\"><strong><span class=\"s1\">Solidariedade para o\u00a0<\/span><span class=\"s1\">Rio Grande do Sul<br \/>\n<\/span><\/strong><\/p>\n<p class=\"p1\">Miguel Severini abriu a cerim\u00f4nia prestando solidariedade ao povo do Rio Grande do Sul, que vem sofrendo as consequ\u00eancias das enchentes iniciadas em abril, que assolaram grande parte do estado.<\/p>\n<p class=\"p1\"><span class=\"s1\">\u201cSer\u00e1 um longo caminho para retomar a normalidade. A reconstru\u00e7\u00e3o das infraestruturas danificadas, o apoio \u00e0s empresas e a restaura\u00e7\u00e3o dos servi\u00e7os p\u00fablicos demandar\u00e3o tempo e recursos significativos\u201d, declarou, enfatizando que o setor permanecer\u00e1 unido e cooperando pela recupera\u00e7\u00e3o da regi\u00e3o\u201d, disse.<\/span><\/p>\n<p class=\"p1\"><span class=\"s1\">Com a presen\u00e7a do l\u00edder da regi\u00e3o Sul, Rafael Spader, Severini enfatizou que \u201co setor, unido, seguir\u00e1 apoiando os amigos do Sul no que for poss\u00edvel\u201d.<\/span><\/p>\n","protected":false},"excerpt":{"rendered":"<p>Por Samanta Sallum\u00a0 \u00a0A\u00a0Associa\u00e7\u00e3o Brasileira de Atacadistas e Distribuidores (ABAD)\u00a0premiou os maiores atacadistas e distribuidores de cada estado segundo o Ranking ABAD NielsenIQ 2024 \u2013 Ano Base 2023. Com todos os patrocinadores e apoiadores do evento no palco, os representantes das empresas vencedoras receberam a premia\u00e7\u00e3o das m\u00e3os do presidente Leonardo Miguel Severini. O Distrital Federal teve destaque na premia\u00e7\u00e3o. [&hellip;]<\/p>\n","protected":false},"author":125,"featured_media":16430,"comment_status":"open","ping_status":"open","sticky":false,"template":"","format":"standard","meta":{"footnotes":""},"categories":[6],"tags":[562,2272,2261,560],"class_list":["post-16425","post","type-post","status-publish","format-standard","has-post-thumbnail","hentry","category-coluna-capital-s-a","tag-abad","tag-atacadistas","tag-ia","tag-sindiatacadista"],"_links":{"self":[{"href":"https:\/\/blogs.correiobraziliense.com.br\/capital-sa\/wp-json\/wp\/v2\/posts\/16425","targetHints":{"allow":["GET"]}}],"collection":[{"href":"https:\/\/blogs.correiobraziliense.com.br\/capital-sa\/wp-json\/wp\/v2\/posts"}],"about":[{"href":"https:\/\/blogs.correiobraziliense.com.br\/capital-sa\/wp-json\/wp\/v2\/types\/post"}],"author":[{"embeddable":true,"href":"https:\/\/blogs.correiobraziliense.com.br\/capital-sa\/wp-json\/wp\/v2\/users\/125"}],"replies":[{"embeddable":true,"href":"https:\/\/blogs.correiobraziliense.com.br\/capital-sa\/wp-json\/wp\/v2\/comments?post=16425"}],"version-history":[{"count":7,"href":"https:\/\/blogs.correiobraziliense.com.br\/capital-sa\/wp-json\/wp\/v2\/posts\/16425\/revisions"}],"predecessor-version":[{"id":16435,"href":"https:\/\/blogs.correiobraziliense.com.br\/capital-sa\/wp-json\/wp\/v2\/posts\/16425\/revisions\/16435"}],"wp:featuredmedia":[{"embeddable":true,"href":"https:\/\/blogs.correiobraziliense.com.br\/capital-sa\/wp-json\/wp\/v2\/media\/16430"}],"wp:attachment":[{"href":"https:\/\/blogs.correiobraziliense.com.br\/capital-sa\/wp-json\/wp\/v2\/media?parent=16425"}],"wp:term":[{"taxonomy":"category","embeddable":true,"href":"https:\/\/blogs.correiobraziliense.com.br\/capital-sa\/wp-json\/wp\/v2\/categories?post=16425"},{"taxonomy":"post_tag","embeddable":true,"href":"https:\/\/blogs.correiobraziliense.com.br\/capital-sa\/wp-json\/wp\/v2\/tags?post=16425"}],"curies":[{"name":"wp","href":"https:\/\/api.w.org\/{rel}","templated":true}]}}