{"id":16396,"date":"2024-06-19T19:45:30","date_gmt":"2024-06-19T22:45:30","guid":{"rendered":"https:\/\/blogs.correiobraziliense.com.br\/capital-sa\/?p=16396"},"modified":"2024-06-20T12:54:22","modified_gmt":"2024-06-20T15:54:22","slug":"freio-na-queda-da-selic-preocupa-os-empresarios","status":"publish","type":"post","link":"https:\/\/blogs.correiobraziliense.com.br\/capital-sa\/2024\/06\/19\/freio-na-queda-da-selic-preocupa-os-empresarios\/","title":{"rendered":"Freio na queda da Selic preocupa os empres\u00e1rios"},"content":{"rendered":"<p class=\"p1\"><strong>Por Samanta Sallum\u00a0<\/strong><\/p>\n<p class=\"p1\"><span class=\"s1\">O Copom definiu hoje por manter a taxa Selic est\u00e1vel a 10,5 pontos, decis\u00e3o que preocupou as entidades empresariais. No in\u00edcio da noite, a\u00a0<\/span>Confedera\u00e7\u00e3o Nacional do Com\u00e9rcio de Bens, Servi\u00e7os e Turismo (CNC), em linha com os demais setores produtivos do pa\u00eds,\u00a0manifestou que esse \u00e9 um movimento \u201cequivocado, j\u00e1 que ainda haveria espa\u00e7o para uma redu\u00e7\u00e3o de 0,25 ponto nesta reuni\u00e3o.\u201d<\/p>\n<p class=\"p1\"><span class=\"s1\">A estabiliza\u00e7\u00e3o da Selic gera um cen\u00e1rio de menor atratividade para o cr\u00e9dito e, consequentemente, para o setor de com\u00e9rcio e servi\u00e7os, pois a tend\u00eancia \u00e9 de que as fam\u00edlias diminuam seu ritmo de consumo. <\/span><\/p>\n<p class=\"p1\"><span class=\"s1\">\u201cO freio na queda da Selic ocasiona preju\u00edzos no setor do com\u00e9rcio com o encarecimento do financiamento para as empresas, o que dificulta o desenvolvimento do pa\u00eds como um todo\u201d, afirmou a Confedera\u00e7\u00e3o por meio nota de oficial.<\/span><\/p>\n","protected":false},"excerpt":{"rendered":"<p>Por Samanta Sallum\u00a0 O Copom definiu hoje por manter a taxa Selic est\u00e1vel a 10,5 pontos, decis\u00e3o que preocupou as entidades empresariais. No in\u00edcio da noite, a\u00a0Confedera\u00e7\u00e3o Nacional do Com\u00e9rcio de Bens, Servi\u00e7os e Turismo (CNC), em linha com os demais setores produtivos do pa\u00eds,\u00a0manifestou que esse \u00e9 um movimento \u201cequivocado, j\u00e1 que ainda haveria espa\u00e7o para uma redu\u00e7\u00e3o de [&hellip;]<\/p>\n","protected":false},"author":125,"featured_media":16399,"comment_status":"open","ping_status":"open","sticky":false,"template":"","format":"standard","meta":{"footnotes":""},"categories":[6],"tags":[275,2269,276,2270],"class_list":["post-16396","post","type-post","status-publish","format-standard","has-post-thumbnail","hentry","category-coluna-capital-s-a","tag-cnc","tag-copom","tag-economia","tag-selic"],"_links":{"self":[{"href":"https:\/\/blogs.correiobraziliense.com.br\/capital-sa\/wp-json\/wp\/v2\/posts\/16396","targetHints":{"allow":["GET"]}}],"collection":[{"href":"https:\/\/blogs.correiobraziliense.com.br\/capital-sa\/wp-json\/wp\/v2\/posts"}],"about":[{"href":"https:\/\/blogs.correiobraziliense.com.br\/capital-sa\/wp-json\/wp\/v2\/types\/post"}],"author":[{"embeddable":true,"href":"https:\/\/blogs.correiobraziliense.com.br\/capital-sa\/wp-json\/wp\/v2\/users\/125"}],"replies":[{"embeddable":true,"href":"https:\/\/blogs.correiobraziliense.com.br\/capital-sa\/wp-json\/wp\/v2\/comments?post=16396"}],"version-history":[{"count":4,"href":"https:\/\/blogs.correiobraziliense.com.br\/capital-sa\/wp-json\/wp\/v2\/posts\/16396\/revisions"}],"predecessor-version":[{"id":16409,"href":"https:\/\/blogs.correiobraziliense.com.br\/capital-sa\/wp-json\/wp\/v2\/posts\/16396\/revisions\/16409"}],"wp:featuredmedia":[{"embeddable":true,"href":"https:\/\/blogs.correiobraziliense.com.br\/capital-sa\/wp-json\/wp\/v2\/media\/16399"}],"wp:attachment":[{"href":"https:\/\/blogs.correiobraziliense.com.br\/capital-sa\/wp-json\/wp\/v2\/media?parent=16396"}],"wp:term":[{"taxonomy":"category","embeddable":true,"href":"https:\/\/blogs.correiobraziliense.com.br\/capital-sa\/wp-json\/wp\/v2\/categories?post=16396"},{"taxonomy":"post_tag","embeddable":true,"href":"https:\/\/blogs.correiobraziliense.com.br\/capital-sa\/wp-json\/wp\/v2\/tags?post=16396"}],"curies":[{"name":"wp","href":"https:\/\/api.w.org\/{rel}","templated":true}]}}