{"id":16374,"date":"2024-06-18T08:05:50","date_gmt":"2024-06-18T11:05:50","guid":{"rendered":"https:\/\/blogs.correiobraziliense.com.br\/capital-sa\/?p=16374"},"modified":"2024-06-18T15:03:35","modified_gmt":"2024-06-18T18:03:35","slug":"mobilizacao-de-entidades-pela-aprovacao-do-ppcub","status":"publish","type":"post","link":"https:\/\/blogs.correiobraziliense.com.br\/capital-sa\/2024\/06\/18\/mobilizacao-de-entidades-pela-aprovacao-do-ppcub\/","title":{"rendered":"Mobiliza\u00e7\u00e3o de entidades pela aprova\u00e7\u00e3o do PPCUB"},"content":{"rendered":"<p class=\"p1\"><strong>Por Samanta Sallum\u00a0<\/strong><\/p>\n<p class=\"p1\"><span class=\"s1\">Vinte e tr\u00eas entidades de diversos segmentos do setor produtivo se uniram em defesa da aprova\u00e7\u00e3o do PLC do Plano de Preserva\u00e7\u00e3o do Conjunto Urban\u00edstico de Bras\u00edlia, na C\u00e2mara Legislativa. O movimento resultou no envio de uma carta aos parlamentares expondo argumentos em favor da proposta. A OAB\/DF assinou o documento tamb\u00e9m. Fecom\u00e9rcio, Fibra, Sinduscon, Ademi, CDL, Federa\u00e7\u00e3o da Agricultura do DF, Codese, Sindivarejista, ACDF, entre outras entidades, fazem parte da mobiliza\u00e7\u00e3o. A previs\u00e3o \u00e9 de que o projeto entre na pauta de vota\u00e7\u00e3o dos distritais na quarta-feira.<\/span><\/p>\n<p class=\"p1\"><strong><span class=\"s1\">Concord\u00e2ncia do Iphan<\/span><\/strong><\/p>\n<p class=\"p1\"><span class=\"s1\">\u201cA proposta enviada \u00e0 C\u00e2mara Legislativa \u00e9 resultado de uma discuss\u00e3o t\u00e9cnica qualificada e ampla, realizada pela Secretaria de Desenvolvimento Urbano e Habita\u00e7\u00e3o (Seduh), por interm\u00e9dio de di\u00e1logo com todos os entes impactados e interessados pelo tema. O projeto tamb\u00e9m mereceu exame pr\u00e9vio e endosso do Instituto do Patrim\u00f4nio Hist\u00f3rico e Art\u00edstico Nacional (Iphan), \u00f3rg\u00e3o federal de grande relev\u00e2ncia e interface nesse debate, que sinalizou o seu respaldo t\u00e9cnico e a import\u00e2ncia da proposta para a preserva\u00e7\u00e3o do nosso legado hist\u00f3rico e cultural\u201d, diz o manifesto.<br \/>\n<\/span><\/p>\n<p><strong><span class=\"s1\">Normas de 1960<\/span><\/strong><\/p>\n<p class=\"p1\"><span class=\"s1\">O documento destaca que \u201cmuitas das normas em vigor foram escritas em 1960 e nunca foram atualizadas. As cidades do DF e da \u00e1rea tombada, especialmente, n\u00e3o pararam de crescer de l\u00e1 para c\u00e1. Ao contr\u00e1rio, a sociedade mudou e, com isso, tamb\u00e9m mudaram suas necessidades e demandas, mas a legisla\u00e7\u00e3o, n\u00e3o.\u201d<\/span><\/p>\n","protected":false},"excerpt":{"rendered":"<p>Por Samanta Sallum\u00a0 Vinte e tr\u00eas entidades de diversos segmentos do setor produtivo se uniram em defesa da aprova\u00e7\u00e3o do PLC do Plano de Preserva\u00e7\u00e3o do Conjunto Urban\u00edstico de Bras\u00edlia, na C\u00e2mara Legislativa. O movimento resultou no envio de uma carta aos parlamentares expondo argumentos em favor da proposta. A OAB\/DF assinou o documento tamb\u00e9m. Fecom\u00e9rcio, Fibra, Sinduscon, Ademi, CDL, [&hellip;]<\/p>\n","protected":false},"author":125,"featured_media":0,"comment_status":"open","ping_status":"open","sticky":false,"template":"","format":"standard","meta":{"footnotes":""},"categories":[6],"tags":[1686,734,566,1023,568,1054],"class_list":["post-16374","post","type-post","status-publish","format-standard","hentry","category-coluna-capital-s-a","tag-cldf","tag-fecomercio-df","tag-iphan","tag-oab-df","tag-ppcub","tag-seduh"],"_links":{"self":[{"href":"https:\/\/blogs.correiobraziliense.com.br\/capital-sa\/wp-json\/wp\/v2\/posts\/16374","targetHints":{"allow":["GET"]}}],"collection":[{"href":"https:\/\/blogs.correiobraziliense.com.br\/capital-sa\/wp-json\/wp\/v2\/posts"}],"about":[{"href":"https:\/\/blogs.correiobraziliense.com.br\/capital-sa\/wp-json\/wp\/v2\/types\/post"}],"author":[{"embeddable":true,"href":"https:\/\/blogs.correiobraziliense.com.br\/capital-sa\/wp-json\/wp\/v2\/users\/125"}],"replies":[{"embeddable":true,"href":"https:\/\/blogs.correiobraziliense.com.br\/capital-sa\/wp-json\/wp\/v2\/comments?post=16374"}],"version-history":[{"count":4,"href":"https:\/\/blogs.correiobraziliense.com.br\/capital-sa\/wp-json\/wp\/v2\/posts\/16374\/revisions"}],"predecessor-version":[{"id":16389,"href":"https:\/\/blogs.correiobraziliense.com.br\/capital-sa\/wp-json\/wp\/v2\/posts\/16374\/revisions\/16389"}],"wp:attachment":[{"href":"https:\/\/blogs.correiobraziliense.com.br\/capital-sa\/wp-json\/wp\/v2\/media?parent=16374"}],"wp:term":[{"taxonomy":"category","embeddable":true,"href":"https:\/\/blogs.correiobraziliense.com.br\/capital-sa\/wp-json\/wp\/v2\/categories?post=16374"},{"taxonomy":"post_tag","embeddable":true,"href":"https:\/\/blogs.correiobraziliense.com.br\/capital-sa\/wp-json\/wp\/v2\/tags?post=16374"}],"curies":[{"name":"wp","href":"https:\/\/api.w.org\/{rel}","templated":true}]}}