{"id":16365,"date":"2024-06-18T08:11:24","date_gmt":"2024-06-18T11:11:24","guid":{"rendered":"https:\/\/blogs.correiobraziliense.com.br\/capital-sa\/?p=16365"},"modified":"2024-06-19T17:39:39","modified_gmt":"2024-06-19T20:39:39","slug":"brasileiro-e-o-que-mais-leva-lista-de-compras-ao-supermercado","status":"publish","type":"post","link":"https:\/\/blogs.correiobraziliense.com.br\/capital-sa\/2024\/06\/18\/brasileiro-e-o-que-mais-leva-lista-de-compras-ao-supermercado\/","title":{"rendered":"Brasileiro \u00e9 o que mais leva lista de compras ao supermercado"},"content":{"rendered":"<p class=\"p1\"><strong>Por Samanta Sallum\u00a0<\/strong><\/p>\n<p class=\"p1\"><span class=\"s1\">O brasilieiro \u00e9 o que mais tem o h\u00e1bito de ir ao supermercado com uma lista bem definida de compras para n\u00e3o extrapolar nos gastos. Aliado a isso, h\u00e1 um comportamento novo no consumidor: ele vem abrindo m\u00e3o de marcas em busca de melhores pre\u00e7os. \u00c9 o que revela pesquisa apresentada na 43\u00aa Conven\u00e7\u00e3o da Associa\u00e7\u00e3o Brasileira de Atacadistas e Distribuidores (ABAD). O levantamento da NielsenIQ, com atua\u00e7\u00e3o em 90 pa\u00edses, aponta que 53% dos brasileiros definem previamente os itens de compra\u00a0para o abastecimento dom\u00e9stico. A m\u00e9dia global \u00e9 de 46%.<span class=\"Apple-converted-space\"><br \/>\n<\/span><\/span><\/p>\n<p class=\"p1\"><span class=\"s1\">\u201cOs brasileiros sentem que est\u00e3o numa situa\u00e7\u00e3o melhor do que h\u00e1 um ano. Mas est\u00e3o ainda saindo de um cen\u00e1rio dif\u00edcil, ainda est\u00e3o endividados.\u00a0<\/span>Ent\u00e3o, as pessoas ainda sentem a press\u00e3o no bolso e buscam n\u00e3o desperdi\u00e7ar dinheiro na hora de abastecer\u00a0seu lar\u201d, explicou\u00a0\u00e0 coluna Domenico Tremarolli, diretor da NielsenIQ.<\/p>\n<p><img loading=\"lazy\" decoding=\"async\" class=\"aligncenter size-medium wp-image-16370\" src=\"https:\/\/blogs.correiobraziliense.com.br\/capital-sa\/wp-content\/uploads\/sites\/59\/2024\/06\/F71016BC-BA39-4276-A7CA-E2526CC68612-300x207.jpeg\" alt=\"\" width=\"300\" height=\"207\" srcset=\"https:\/\/blogs.correiobraziliense.com.br\/capital-sa\/wp-content\/uploads\/sites\/59\/2024\/06\/F71016BC-BA39-4276-A7CA-E2526CC68612-300x207.jpeg 300w, https:\/\/blogs.correiobraziliense.com.br\/capital-sa\/wp-content\/uploads\/sites\/59\/2024\/06\/F71016BC-BA39-4276-A7CA-E2526CC68612-768x531.jpeg 768w, https:\/\/blogs.correiobraziliense.com.br\/capital-sa\/wp-content\/uploads\/sites\/59\/2024\/06\/F71016BC-BA39-4276-A7CA-E2526CC68612-550x380.jpeg 550w, https:\/\/blogs.correiobraziliense.com.br\/capital-sa\/wp-content\/uploads\/sites\/59\/2024\/06\/F71016BC-BA39-4276-A7CA-E2526CC68612-230x159.jpeg 230w, https:\/\/blogs.correiobraziliense.com.br\/capital-sa\/wp-content\/uploads\/sites\/59\/2024\/06\/F71016BC-BA39-4276-A7CA-E2526CC68612.jpeg 770w\" sizes=\"auto, (max-width: 300px) 100vw, 300px\" \/><\/p>\n<p class=\"p1\"><strong><span class=\"s1\">Doa\u00e7\u00f5es para RS puxaram consumo em maio<\/span><\/strong><\/p>\n<p class=\"p1\"><span class=\"s1\">O setor atacadista\/distribuidor registrou<span class=\"Apple-converted-space\">\u00a0<\/span>crescimento em maio. A avalia\u00e7\u00e3o\u00a0\u00e9 de que a vontade dos brasileiros de fazer doa\u00e7\u00f5es para a popula\u00e7\u00e3o\u00a0do Rio Grande do Sul, atingida pelas enchentes, fez aumentar o consumo. As pessoas compraram, al\u00e9m de produtos para seu pr\u00f3prio uso, itens para doar. Houve aumento na procura por \u00e1gua, \u00f3leo e outros mantimentos.<\/span><\/p>\n<p class=\"p1\"><strong><span class=\"s1\">Arroz garantido<\/span><\/strong><\/p>\n<p class=\"p1\"><span class=\"s1\">A\u00a0Abad informou que os fornecedores brasileiros de arroz garantiram ter o produto\u00a0e que n\u00e3o h\u00e1 amea\u00e7a de falta por causa das enchentes no Sul. Foi registrado aumento, de uma semana para outra, em maio, de 20% nos pre\u00e7os, mas a tend\u00eancia\u00a0\u00e9 de que eles estabilizem.<\/span><\/p>\n<p class=\"p1\"><strong><span class=\"s1\">Delega\u00e7\u00e3o brasiliense\u00a0<\/span><\/strong><\/p>\n<p class=\"p1\">O presidente do Sindiatacadista-DF, \u00c1lvaro\u00a0Silveira Jr, est\u00e1 participando do evento. O setor na capital federal vem crescendo de forma expressiva e ganhando destaque nacional. Empresas de Bras\u00edlia\u00a0aparecem no top 10 das maiores em faturamento do pa\u00eds. E ser\u00e3o premiadas hoje no evento que ocorre em Atibaia (SP).<\/p>\n<p class=\"p1\"><strong><span class=\"s1\">Crescimento acumulado em 2024<\/span><\/strong><\/p>\n<p class=\"p1\"><span class=\"s1\">Os mais recentes dados do Term\u00f4metro ABAD NielsenIQ, pesquisa mensal respons\u00e1vel por detalhar o faturamento m\u00e9dio do atacadista distribuidor nacional, mostram crescimento do setor de +5,7% no acumulado do ano. Os dados foram apresentados ontem pelo presidente da ABAD, Leonardo Miguel Severini. A entidade re\u00fane mais de 3 mil associados, atendendo diariamente mais de um milh\u00e3o de pontos de venda em todos os 5.570 munic\u00edpios do pa\u00eds. <\/span><\/p>\n","protected":false},"excerpt":{"rendered":"<p>Por Samanta Sallum\u00a0 O brasilieiro \u00e9 o que mais tem o h\u00e1bito de ir ao supermercado com uma lista bem definida de compras para n\u00e3o extrapolar nos gastos. Aliado a isso, h\u00e1 um comportamento novo no consumidor: ele vem abrindo m\u00e3o de marcas em busca de melhores pre\u00e7os. \u00c9 o que revela pesquisa apresentada na 43\u00aa Conven\u00e7\u00e3o da Associa\u00e7\u00e3o Brasileira [&hellip;]<\/p>\n","protected":false},"author":125,"featured_media":16368,"comment_status":"open","ping_status":"open","sticky":false,"template":"","format":"standard","meta":{"footnotes":""},"categories":[6],"tags":[562,276,2267,560,1353],"class_list":["post-16365","post","type-post","status-publish","format-standard","has-post-thumbnail","hentry","category-coluna-capital-s-a","tag-abad","tag-economia","tag-gastos","tag-sindiatacadista","tag-supermercados"],"_links":{"self":[{"href":"https:\/\/blogs.correiobraziliense.com.br\/capital-sa\/wp-json\/wp\/v2\/posts\/16365","targetHints":{"allow":["GET"]}}],"collection":[{"href":"https:\/\/blogs.correiobraziliense.com.br\/capital-sa\/wp-json\/wp\/v2\/posts"}],"about":[{"href":"https:\/\/blogs.correiobraziliense.com.br\/capital-sa\/wp-json\/wp\/v2\/types\/post"}],"author":[{"embeddable":true,"href":"https:\/\/blogs.correiobraziliense.com.br\/capital-sa\/wp-json\/wp\/v2\/users\/125"}],"replies":[{"embeddable":true,"href":"https:\/\/blogs.correiobraziliense.com.br\/capital-sa\/wp-json\/wp\/v2\/comments?post=16365"}],"version-history":[{"count":7,"href":"https:\/\/blogs.correiobraziliense.com.br\/capital-sa\/wp-json\/wp\/v2\/posts\/16365\/revisions"}],"predecessor-version":[{"id":16390,"href":"https:\/\/blogs.correiobraziliense.com.br\/capital-sa\/wp-json\/wp\/v2\/posts\/16365\/revisions\/16390"}],"wp:featuredmedia":[{"embeddable":true,"href":"https:\/\/blogs.correiobraziliense.com.br\/capital-sa\/wp-json\/wp\/v2\/media\/16368"}],"wp:attachment":[{"href":"https:\/\/blogs.correiobraziliense.com.br\/capital-sa\/wp-json\/wp\/v2\/media?parent=16365"}],"wp:term":[{"taxonomy":"category","embeddable":true,"href":"https:\/\/blogs.correiobraziliense.com.br\/capital-sa\/wp-json\/wp\/v2\/categories?post=16365"},{"taxonomy":"post_tag","embeddable":true,"href":"https:\/\/blogs.correiobraziliense.com.br\/capital-sa\/wp-json\/wp\/v2\/tags?post=16365"}],"curies":[{"name":"wp","href":"https:\/\/api.w.org\/{rel}","templated":true}]}}