{"id":16348,"date":"2024-06-17T10:34:12","date_gmt":"2024-06-17T13:34:12","guid":{"rendered":"https:\/\/blogs.correiobraziliense.com.br\/capital-sa\/?p=16348"},"modified":"2024-06-17T20:18:17","modified_gmt":"2024-06-17T23:18:17","slug":"expotche-arrecada-toneladas-de-doacoes-para-os-gauchos","status":"publish","type":"post","link":"https:\/\/blogs.correiobraziliense.com.br\/capital-sa\/2024\/06\/17\/expotche-arrecada-toneladas-de-doacoes-para-os-gauchos\/","title":{"rendered":"EXPOTCH\u00ca arrecada toneladas de doa\u00e7\u00f5es para os ga\u00fachos"},"content":{"rendered":"<p class=\"p1\"><strong>Por Samanta Sallum\u00a0<\/strong><\/p>\n<p class=\"p1\"><span class=\"s1\">O evento que tinha tudo para ser adiado, devido ao drama que atravessa o Rio Grande do Sul, foi realizado em Bras\u00edlia<span class=\"Apple-converted-space\">\u00a0<\/span>com a participa\u00e7\u00e3o de mais de 40 cidades ga\u00fachas e expressiva presen\u00e7a popular. Passaram na 31\u00aa Expotch\u00ea , realizada nos \u00faltimos 10 dias, no Pavilh\u00e3o do Parque da cidade, cerca de 150 mil pessoas. <\/span><\/p>\n<p class=\"p1\"><span class=\"s1\">\u201cFoi a edi\u00e7\u00e3o mais desafiadora\u201d, contam os s\u00f3cios R\u00f4mulo Mendon\u00e7a e Leda Simone, \u00e0 frente da Rome Eventos, empresa realizadora. <\/span><\/p>\n<p class=\"p1\"><span class=\"s1\">Foram arrecadadas muitas doa\u00e7\u00f5es durante o evento. Os visitantes contribu\u00edram com cerca de quatro toneladas em alimentos e roupas.<\/span><\/p>\n<p class=\"p1\"><span class=\"s1\">Al\u00e9m da oportunidade de compras de grande diversidade de produtos rio-grandenses, o evento, que terminou ontem, contou com a riqueza gastron\u00f4mica e com apresenta\u00e7\u00f5es culturais. Mais de 50\u00a0<\/span>atra\u00e7\u00f5es, entre bandas, trupe circense e grupos de proje\u00e7\u00e3o folcl\u00f3rica, fizeram parte da programa\u00e7\u00e3o.<\/p>\n","protected":false},"excerpt":{"rendered":"<p>Por Samanta Sallum\u00a0 O evento que tinha tudo para ser adiado, devido ao drama que atravessa o Rio Grande do Sul, foi realizado em Bras\u00edlia\u00a0com a participa\u00e7\u00e3o de mais de 40 cidades ga\u00fachas e expressiva presen\u00e7a popular. Passaram na 31\u00aa Expotch\u00ea , realizada nos \u00faltimos 10 dias, no Pavilh\u00e3o do Parque da cidade, cerca de 150 mil pessoas. \u201cFoi a [&hellip;]<\/p>\n","protected":false},"author":125,"featured_media":16352,"comment_status":"open","ping_status":"open","sticky":false,"template":"","format":"standard","meta":{"footnotes":""},"categories":[6],"tags":[597,271,2263,2264],"class_list":["post-16348","post","type-post","status-publish","format-standard","has-post-thumbnail","hentry","category-coluna-capital-s-a","tag-arrecadacao","tag-exposicao","tag-expotche","tag-sosrs"],"_links":{"self":[{"href":"https:\/\/blogs.correiobraziliense.com.br\/capital-sa\/wp-json\/wp\/v2\/posts\/16348","targetHints":{"allow":["GET"]}}],"collection":[{"href":"https:\/\/blogs.correiobraziliense.com.br\/capital-sa\/wp-json\/wp\/v2\/posts"}],"about":[{"href":"https:\/\/blogs.correiobraziliense.com.br\/capital-sa\/wp-json\/wp\/v2\/types\/post"}],"author":[{"embeddable":true,"href":"https:\/\/blogs.correiobraziliense.com.br\/capital-sa\/wp-json\/wp\/v2\/users\/125"}],"replies":[{"embeddable":true,"href":"https:\/\/blogs.correiobraziliense.com.br\/capital-sa\/wp-json\/wp\/v2\/comments?post=16348"}],"version-history":[{"count":3,"href":"https:\/\/blogs.correiobraziliense.com.br\/capital-sa\/wp-json\/wp\/v2\/posts\/16348\/revisions"}],"predecessor-version":[{"id":16353,"href":"https:\/\/blogs.correiobraziliense.com.br\/capital-sa\/wp-json\/wp\/v2\/posts\/16348\/revisions\/16353"}],"wp:featuredmedia":[{"embeddable":true,"href":"https:\/\/blogs.correiobraziliense.com.br\/capital-sa\/wp-json\/wp\/v2\/media\/16352"}],"wp:attachment":[{"href":"https:\/\/blogs.correiobraziliense.com.br\/capital-sa\/wp-json\/wp\/v2\/media?parent=16348"}],"wp:term":[{"taxonomy":"category","embeddable":true,"href":"https:\/\/blogs.correiobraziliense.com.br\/capital-sa\/wp-json\/wp\/v2\/categories?post=16348"},{"taxonomy":"post_tag","embeddable":true,"href":"https:\/\/blogs.correiobraziliense.com.br\/capital-sa\/wp-json\/wp\/v2\/tags?post=16348"}],"curies":[{"name":"wp","href":"https:\/\/api.w.org\/{rel}","templated":true}]}}