{"id":16345,"date":"2024-06-17T10:28:46","date_gmt":"2024-06-17T13:28:46","guid":{"rendered":"https:\/\/blogs.correiobraziliense.com.br\/capital-sa\/?p=16345"},"modified":"2024-06-17T20:15:42","modified_gmt":"2024-06-17T23:15:42","slug":"alckmin-elogia-inmetro-no-encontro-internacional-da-industria-de-colchoes","status":"publish","type":"post","link":"https:\/\/blogs.correiobraziliense.com.br\/capital-sa\/2024\/06\/17\/alckmin-elogia-inmetro-no-encontro-internacional-da-industria-de-colchoes\/","title":{"rendered":"Alckmin elogia Inmetro no Encontro Internacional da Ind\u00fastria de Colch\u00f5es"},"content":{"rendered":"<p class=\"p1\" style=\"text-align: left\"><strong>Por Samanta Sallum\u00a0<\/strong><\/p>\n<p class=\"p1\"><span class=\"s1\">O Instituto Nacional de Metrologia, Qualidade e Tecnologia (Inmetro) participou nos dias 13 e 14 do 1\u00b0 Summit da Ind\u00fastria de Colch\u00f5es, encontro internacional realizado pela Associa\u00e7\u00e3o Brasileira da Ind\u00fastria de Colch\u00f5es (ABICOL). A tem\u00e1tica do evento foi &#8216;O Futuro Sustent\u00e1vel dos Colch\u00f5es e como o Brasil, os Estados Unidos, a Turquia e pa\u00edses da Europa est\u00e3o se preparando para a nova realidade&#8217;. Reuniu fabricantes e fornecedores de produtos e servi\u00e7os para o setor nos mercados nacional e internacional.<\/span><\/p>\n<p class=\"p1\"><span class=\"s1\">O encontro teve a participa\u00e7\u00e3o do Presidente da Rep\u00fablica em exerc\u00edcio e ministro do Desenvolvimento, Ind\u00fastria, Com\u00e9rcio e Servi\u00e7os, Geraldo Alckmin. Representando o presidente do Inmetro, M\u00e1rcio Andr\u00e9 Brito, esteve presente o diretor de Avalia\u00e7\u00e3o da\u00a0 Conformidade, Jo\u00e3o Nery.<\/span><\/p>\n<p class=\"p1\"><span class=\"s1\">Em seu discurso, Alckmin destacou a import\u00e2ncia do trabalho do Inmetro: &#8220;O Instituto vem trabalhando de forma dedicada, evitando a importa\u00e7\u00e3o de produtos de baixa qualidade, zelando pela conformidade, cuidando n\u00e3o somente do consumidor, mas tamb\u00e9m da ind\u00fastria e do com\u00e9rcio&#8221;.<\/span><\/p>\n","protected":false},"excerpt":{"rendered":"<p>Por Samanta Sallum\u00a0 O Instituto Nacional de Metrologia, Qualidade e Tecnologia (Inmetro) participou nos dias 13 e 14 do 1\u00b0 Summit da Ind\u00fastria de Colch\u00f5es, encontro internacional realizado pela Associa\u00e7\u00e3o Brasileira da Ind\u00fastria de Colch\u00f5es (ABICOL). A tem\u00e1tica do evento foi &#8216;O Futuro Sustent\u00e1vel dos Colch\u00f5es e como o Brasil, os Estados Unidos, a Turquia e pa\u00edses da Europa est\u00e3o [&hellip;]<\/p>\n","protected":false},"author":125,"featured_media":0,"comment_status":"open","ping_status":"open","sticky":false,"template":"","format":"standard","meta":{"footnotes":""},"categories":[6],"tags":[2262,962,2129,326],"class_list":["post-16345","post","type-post","status-publish","format-standard","hentry","category-coluna-capital-s-a","tag-alckimin","tag-desenvolvimento","tag-inmetro","tag-sustentabilidade"],"_links":{"self":[{"href":"https:\/\/blogs.correiobraziliense.com.br\/capital-sa\/wp-json\/wp\/v2\/posts\/16345","targetHints":{"allow":["GET"]}}],"collection":[{"href":"https:\/\/blogs.correiobraziliense.com.br\/capital-sa\/wp-json\/wp\/v2\/posts"}],"about":[{"href":"https:\/\/blogs.correiobraziliense.com.br\/capital-sa\/wp-json\/wp\/v2\/types\/post"}],"author":[{"embeddable":true,"href":"https:\/\/blogs.correiobraziliense.com.br\/capital-sa\/wp-json\/wp\/v2\/users\/125"}],"replies":[{"embeddable":true,"href":"https:\/\/blogs.correiobraziliense.com.br\/capital-sa\/wp-json\/wp\/v2\/comments?post=16345"}],"version-history":[{"count":4,"href":"https:\/\/blogs.correiobraziliense.com.br\/capital-sa\/wp-json\/wp\/v2\/posts\/16345\/revisions"}],"predecessor-version":[{"id":16362,"href":"https:\/\/blogs.correiobraziliense.com.br\/capital-sa\/wp-json\/wp\/v2\/posts\/16345\/revisions\/16362"}],"wp:attachment":[{"href":"https:\/\/blogs.correiobraziliense.com.br\/capital-sa\/wp-json\/wp\/v2\/media?parent=16345"}],"wp:term":[{"taxonomy":"category","embeddable":true,"href":"https:\/\/blogs.correiobraziliense.com.br\/capital-sa\/wp-json\/wp\/v2\/categories?post=16345"},{"taxonomy":"post_tag","embeddable":true,"href":"https:\/\/blogs.correiobraziliense.com.br\/capital-sa\/wp-json\/wp\/v2\/tags?post=16345"}],"curies":[{"name":"wp","href":"https:\/\/api.w.org\/{rel}","templated":true}]}}