{"id":16332,"date":"2024-06-14T17:51:38","date_gmt":"2024-06-14T20:51:38","guid":{"rendered":"https:\/\/blogs.correiobraziliense.com.br\/capital-sa\/?p=16332"},"modified":"2024-06-14T21:22:20","modified_gmt":"2024-06-15T00:22:20","slug":"empresas-do-setor-digital-criticam-pl-da-inteligencia-artificial","status":"publish","type":"post","link":"https:\/\/blogs.correiobraziliense.com.br\/capital-sa\/2024\/06\/14\/empresas-do-setor-digital-criticam-pl-da-inteligencia-artificial\/","title":{"rendered":"Empresas do setor digital criticam PL da Intelig\u00eancia Artificial"},"content":{"rendered":"<p class=\"p1\"><strong>Por Samanta Sallum\u00a0<\/strong><\/p>\n<p class=\"p1\"><span class=\"s1\">A C\u00e2mara Brasileira da Economia Digital (\u201c<\/span><span class=\"s2\">camara-e.net<\/span><span class=\"s1\">\u201d), associa\u00e7\u00e3o que representa empresas do setor, se manifestou sobre o PL n\u00ba 2338\/2023, referente \u00e0 regula\u00e7\u00e3o da Intelig\u00eancia Artificial (IA) no pa\u00eds. Segundo a entidade, embora tenha havido avan\u00e7os em rela\u00e7\u00e3o \u00e0 reda\u00e7\u00e3o original, ainda \u00e9 necess\u00e1rio realizar melhorias no texto que \u201cassegure os direitos dos cidad\u00e3os brasileiros, sem impedir ou engessar a inova\u00e7\u00e3o.\u201d<br \/>\n<\/span><\/p>\n<p>&#8220;A camara-e.net compreende a import\u00e2ncia da discuss\u00e3o em torno da regula\u00e7\u00e3o da intelig\u00eancia artificial no Brasil. No entanto, vemos com preocupa\u00e7\u00e3o o processo acelerado com o qual vem acontecendo os \u00faltimos debates, que trouxeram novos pontos de potencial impacto no desenvolvimento da tecnologia e inova\u00e7\u00e3o do pa\u00eds. O atual projeto n\u00e3o traz uma distribui\u00e7\u00e3o clara do excessivo custo de conformidade para aplica\u00e7\u00f5es de intelig\u00eancia artificial com diferentes riscos&#8221;, aponta Leonardo Elias, presidente da camara-e.net.<\/p>\n<p class=\"p1\"><span class=\"s1\">Entre as preocupa\u00e7\u00f5es destacadas:<\/span><\/p>\n<p class=\"p1\"><span class=\"s1\">\u25cf <\/span><span class=\"s3\">Inseguran\u00e7a Jur\u00eddica:<\/span><span class=\"s1\"> O texto \u00e9 gen\u00e9rico em diversos pontos, terceiriza ao Poder Executivo a defini\u00e7\u00e3o de quest\u00f5es cr\u00edticas e posterga decis\u00f5es importantes sobre governan\u00e7a regulat\u00f3ria.<\/span><\/p>\n<p class=\"p1\"><span class=\"s1\">\u25cf <\/span><span class=\"s3\">Inspira\u00e7\u00e3o no modelo Europeu e Aventura Regulat\u00f3ria<\/span><span class=\"s1\">: O texto, aplic\u00e1vel a virtualmente todas as \u00e1reas da economia brasileira, apresenta-se como mais gravoso do que a norma europeia (notoriamente rigorosa), sem considerar que a ind\u00fastria e a economia europeias s\u00e3o profundamente diferentes da realidade brasileira e (a norma europeia sequer foi testada na pr\u00e1tica, logo seus efeitos (de curto, m\u00e9dio e longo prazos) n\u00e3o s\u00e3o conhecidos nem previs\u00edveis. Na pr\u00e1tica, o Brasil ter\u00e1 a regula\u00e7\u00e3o de IA mais restritiva do mundo, inclusive proibindo solu\u00e7\u00f5es de IA generativa.<\/span><\/p>\n","protected":false},"excerpt":{"rendered":"<p>Por Samanta Sallum\u00a0 A C\u00e2mara Brasileira da Economia Digital (\u201ccamara-e.net\u201d), associa\u00e7\u00e3o que representa empresas do setor, se manifestou sobre o PL n\u00ba 2338\/2023, referente \u00e0 regula\u00e7\u00e3o da Intelig\u00eancia Artificial (IA) no pa\u00eds. Segundo a entidade, embora tenha havido avan\u00e7os em rela\u00e7\u00e3o \u00e0 reda\u00e7\u00e3o original, ainda \u00e9 necess\u00e1rio realizar melhorias no texto que \u201cassegure os direitos dos cidad\u00e3os brasileiros, sem impedir [&hellip;]<\/p>\n","protected":false},"author":125,"featured_media":16337,"comment_status":"open","ping_status":"open","sticky":false,"template":"","format":"standard","meta":{"footnotes":""},"categories":[6],"tags":[962,2261,351,2143,33],"class_list":["post-16332","post","type-post","status-publish","format-standard","has-post-thumbnail","hentry","category-coluna-capital-s-a","tag-desenvolvimento","tag-ia","tag-inovacao","tag-regulamentacao","tag-tecnologia"],"_links":{"self":[{"href":"https:\/\/blogs.correiobraziliense.com.br\/capital-sa\/wp-json\/wp\/v2\/posts\/16332","targetHints":{"allow":["GET"]}}],"collection":[{"href":"https:\/\/blogs.correiobraziliense.com.br\/capital-sa\/wp-json\/wp\/v2\/posts"}],"about":[{"href":"https:\/\/blogs.correiobraziliense.com.br\/capital-sa\/wp-json\/wp\/v2\/types\/post"}],"author":[{"embeddable":true,"href":"https:\/\/blogs.correiobraziliense.com.br\/capital-sa\/wp-json\/wp\/v2\/users\/125"}],"replies":[{"embeddable":true,"href":"https:\/\/blogs.correiobraziliense.com.br\/capital-sa\/wp-json\/wp\/v2\/comments?post=16332"}],"version-history":[{"count":6,"href":"https:\/\/blogs.correiobraziliense.com.br\/capital-sa\/wp-json\/wp\/v2\/posts\/16332\/revisions"}],"predecessor-version":[{"id":16344,"href":"https:\/\/blogs.correiobraziliense.com.br\/capital-sa\/wp-json\/wp\/v2\/posts\/16332\/revisions\/16344"}],"wp:featuredmedia":[{"embeddable":true,"href":"https:\/\/blogs.correiobraziliense.com.br\/capital-sa\/wp-json\/wp\/v2\/media\/16337"}],"wp:attachment":[{"href":"https:\/\/blogs.correiobraziliense.com.br\/capital-sa\/wp-json\/wp\/v2\/media?parent=16332"}],"wp:term":[{"taxonomy":"category","embeddable":true,"href":"https:\/\/blogs.correiobraziliense.com.br\/capital-sa\/wp-json\/wp\/v2\/categories?post=16332"},{"taxonomy":"post_tag","embeddable":true,"href":"https:\/\/blogs.correiobraziliense.com.br\/capital-sa\/wp-json\/wp\/v2\/tags?post=16332"}],"curies":[{"name":"wp","href":"https:\/\/api.w.org\/{rel}","templated":true}]}}