{"id":16328,"date":"2024-06-14T17:39:27","date_gmt":"2024-06-14T20:39:27","guid":{"rendered":"https:\/\/blogs.correiobraziliense.com.br\/capital-sa\/?p=16328"},"modified":"2024-06-14T21:17:48","modified_gmt":"2024-06-15T00:17:48","slug":"presidencia-brasileira-no-brics-mulheres","status":"publish","type":"post","link":"https:\/\/blogs.correiobraziliense.com.br\/capital-sa\/2024\/06\/14\/presidencia-brasileira-no-brics-mulheres\/","title":{"rendered":"Presid\u00eancia brasileira no BRICS Mulheres"},"content":{"rendered":"<p class=\"p1\"><strong>Por Samanta Sallum\u00a0<\/strong><\/p>\n<p class=\"p1\">A presidente do F\u00f3rum Industrial da Mulher Empres\u00e1ria da CNI M\u00f4nica Monteiro liderou a delega\u00e7\u00e3o brasileira de empreendedoras no F\u00f3rum de Lideran\u00e7a femininas do BRICS de 2024. O evento acabou de ocorrer na R\u00fassia e na China. Al\u00e9m de participar de mesas redondas, M\u00f4nica destacou as discuss\u00f5es fundamentais sobre lideran\u00e7a, responsabilidade e estrat\u00e9gias de empoderamento para promover a coopera\u00e7\u00e3o global. Ela assume a presid\u00eancia mundial dos Brics Mulheres em 2025, sucedendo a empres\u00e1ria russa Anna Nesterova.<\/p>\n<p class=\"p1\"><span class=\"s1\">\u201cNossas empres\u00e1rias precisam correr para alcan\u00e7ar China e R\u00fassia. Seus governos apoiam e incentivam a ind\u00fastria Criativa, Engenharia e Tecnologia. Mesmo que a iniciativa privada seja o meio mais poderoso para diminuir a desigualdade, n\u00f3s empres\u00e1rias precisamos caminhar juntas e buscar incentivos para alcan\u00e7ar competitividade\u201d, afirmou M\u00f4nica, que passou quatro dias na R\u00fassia e quatro dias na China com lideran\u00e7as femininas internacionais. <\/span><\/p>\n","protected":false},"excerpt":{"rendered":"<p>Por Samanta Sallum\u00a0 A presidente do F\u00f3rum Industrial da Mulher Empres\u00e1ria da CNI M\u00f4nica Monteiro liderou a delega\u00e7\u00e3o brasileira de empreendedoras no F\u00f3rum de Lideran\u00e7a femininas do BRICS de 2024. O evento acabou de ocorrer na R\u00fassia e na China. Al\u00e9m de participar de mesas redondas, M\u00f4nica destacou as discuss\u00f5es fundamentais sobre lideran\u00e7a, responsabilidade e estrat\u00e9gias de empoderamento para promover [&hellip;]<\/p>\n","protected":false},"author":125,"featured_media":16331,"comment_status":"open","ping_status":"open","sticky":false,"template":"","format":"standard","meta":{"footnotes":""},"categories":[6],"tags":[2259,1283,2260,1769,64,2],"class_list":["post-16328","post","type-post","status-publish","format-standard","has-post-thumbnail","hentry","category-coluna-capital-s-a","tag-brics","tag-cooperacao","tag-empoderamentofeminino","tag-lideranca","tag-cni","tag-empreendedorismo"],"_links":{"self":[{"href":"https:\/\/blogs.correiobraziliense.com.br\/capital-sa\/wp-json\/wp\/v2\/posts\/16328","targetHints":{"allow":["GET"]}}],"collection":[{"href":"https:\/\/blogs.correiobraziliense.com.br\/capital-sa\/wp-json\/wp\/v2\/posts"}],"about":[{"href":"https:\/\/blogs.correiobraziliense.com.br\/capital-sa\/wp-json\/wp\/v2\/types\/post"}],"author":[{"embeddable":true,"href":"https:\/\/blogs.correiobraziliense.com.br\/capital-sa\/wp-json\/wp\/v2\/users\/125"}],"replies":[{"embeddable":true,"href":"https:\/\/blogs.correiobraziliense.com.br\/capital-sa\/wp-json\/wp\/v2\/comments?post=16328"}],"version-history":[{"count":4,"href":"https:\/\/blogs.correiobraziliense.com.br\/capital-sa\/wp-json\/wp\/v2\/posts\/16328\/revisions"}],"predecessor-version":[{"id":16342,"href":"https:\/\/blogs.correiobraziliense.com.br\/capital-sa\/wp-json\/wp\/v2\/posts\/16328\/revisions\/16342"}],"wp:featuredmedia":[{"embeddable":true,"href":"https:\/\/blogs.correiobraziliense.com.br\/capital-sa\/wp-json\/wp\/v2\/media\/16331"}],"wp:attachment":[{"href":"https:\/\/blogs.correiobraziliense.com.br\/capital-sa\/wp-json\/wp\/v2\/media?parent=16328"}],"wp:term":[{"taxonomy":"category","embeddable":true,"href":"https:\/\/blogs.correiobraziliense.com.br\/capital-sa\/wp-json\/wp\/v2\/categories?post=16328"},{"taxonomy":"post_tag","embeddable":true,"href":"https:\/\/blogs.correiobraziliense.com.br\/capital-sa\/wp-json\/wp\/v2\/tags?post=16328"}],"curies":[{"name":"wp","href":"https:\/\/api.w.org\/{rel}","templated":true}]}}